{"id":1046,"date":"2020-01-20T18:02:57","date_gmt":"2020-01-20T17:02:57","guid":{"rendered":"http:\/\/agrupacio-policialocal.ccoo.cat\/?p=1046"},"modified":"2022-01-25T15:11:14","modified_gmt":"2022-01-25T14:11:14","slug":"ajuntament-de-badalona","status":"publish","type":"post","link":"https:\/\/ccoo.app\/agrupacio-policialocal\/ajuntament-de-badalona\/","title":{"rendered":"Ajuntament de Badalona. Convocat\u00f2ria per a la provisi\u00f3 de 19 places vacants d\u2019agent de la Gu\u00e0rdia urbana"},"content":{"rendered":"<p><img loading=\"lazy\" decoding=\"async\" class=\"size-medium wp-image-1048 alignright\" src=\"https:\/\/ccoo.app\/agrupacio-policialocal\/wp-content\/blogs.dir\/6\/files\/sites\/152\/2020\/01\/ayuntamiento-de-badalona-300x159.png\" alt=\"\" width=\"300\" height=\"159\" srcset=\"https:\/\/ccoo.app\/agrupacio-policialocal\/wp-content\/blogs.dir\/6\/files\/sites\/152\/2020\/01\/ayuntamiento-de-badalona-300x159.png 300w, https:\/\/ccoo.app\/agrupacio-policialocal\/wp-content\/blogs.dir\/6\/files\/sites\/152\/2020\/01\/ayuntamiento-de-badalona-768x407.png 768w, https:\/\/ccoo.app\/agrupacio-policialocal\/wp-content\/blogs.dir\/6\/files\/sites\/152\/2020\/01\/ayuntamiento-de-badalona.png 850w\" sizes=\"auto, (max-width: 300px) 100vw, 300px\" \/>Us presentem les Bases Especifiques reguladores de la convocat\u00f2ria per a la provisi\u00f3 de 19 places vacants d&#8217;agent de la Gu\u00e0rdia urbana, mitjan\u00e7ant Mobilitat interadministrativa, per sistema de Concurs.<\/p>\n<p>Per veure l\u2019anunci feu click en el seg\u00fcent\u00a0<a href=\"https:\/\/ccoo.app\/agrupacio-policialocal\/wp-content\/blogs.dir\/6\/files\/sites\/152\/2020\/01\/anunci-bases-agent-interadministrativa-i-convocatoria.pdf\" target=\"_blank\" rel=\"noopener noreferrer\">enlla\u00e7<\/a>    \t<\/p>\n","protected":false},"excerpt":{"rendered":"<p>Us presentem les Bases Especifiques reguladores de la convocat\u00f2ria per a la provisi\u00f3 de 19 places vacants d&#8217;agent de la Gu\u00e0rdia urbana, mitjan\u00e7ant Mobilitat interadministrativa, per sistema de Concurs. Per &#8230; <a title=\"Ajuntament de Badalona. Convocat\u00f2ria per a la provisi\u00f3 de 19 places vacants d\u2019agent de la Gu\u00e0rdia urbana\" class=\"read-more\" href=\"https:\/\/ccoo.app\/agrupacio-policialocal\/ajuntament-de-badalona\/\" aria-label=\"Leer m\u00e1s sobre Ajuntament de Badalona. Convocat\u00f2ria per a la provisi\u00f3 de 19 places vacants d\u2019agent de la Gu\u00e0rdia urbana\">Leer m\u00e1s<\/a><\/p>\n","protected":false},"author":5301,"featured_media":1048,"comment_status":"closed","ping_status":"closed","sticky":false,"template":"","format":"standard","meta":{"footnotes":""},"categories":[3,14],"tags":[],"class_list":["post-1046","post","type-post","status-publish","format-standard","has-post-thumbnail","hentry","category-noticias","category-oposicions","generate-columns","tablet-grid-50","mobile-grid-100","grid-parent","grid-33"],"_links":{"self":[{"href":"https:\/\/ccoo.app\/agrupacio-policialocal\/wp-json\/wp\/v2\/posts\/1046","targetHints":{"allow":["GET"]}}],"collection":[{"href":"https:\/\/ccoo.app\/agrupacio-policialocal\/wp-json\/wp\/v2\/posts"}],"about":[{"href":"https:\/\/ccoo.app\/agrupacio-policialocal\/wp-json\/wp\/v2\/types\/post"}],"author":[{"embeddable":true,"href":"https:\/\/ccoo.app\/agrupacio-policialocal\/wp-json\/wp\/v2\/users\/5301"}],"replies":[{"embeddable":true,"href":"https:\/\/ccoo.app\/agrupacio-policialocal\/wp-json\/wp\/v2\/comments?post=1046"}],"version-history":[{"count":1,"href":"https:\/\/ccoo.app\/agrupacio-policialocal\/wp-json\/wp\/v2\/posts\/1046\/revisions"}],"predecessor-version":[{"id":2949,"href":"https:\/\/ccoo.app\/agrupacio-policialocal\/wp-json\/wp\/v2\/posts\/1046\/revisions\/2949"}],"wp:featuredmedia":[{"embeddable":true,"href":"https:\/\/ccoo.app\/agrupacio-policialocal\/wp-json\/wp\/v2\/media\/1048"}],"wp:attachment":[{"href":"https:\/\/ccoo.app\/agrupacio-policialocal\/wp-json\/wp\/v2\/media?parent=1046"}],"wp:term":[{"taxonomy":"category","embeddable":true,"href":"https:\/\/ccoo.app\/agrupacio-policialocal\/wp-json\/wp\/v2\/categories?post=1046"},{"taxonomy":"post_tag","embeddable":true,"href":"https:\/\/ccoo.app\/agrupacio-policialocal\/wp-json\/wp\/v2\/tags?post=1046"}],"curies":[{"name":"wp","href":"https:\/\/api.w.org\/{rel}","templated":true}]}}