{"id":7997,"date":"2016-04-20T12:32:54","date_gmt":"2016-04-20T10:32:54","guid":{"rendered":"https:\/\/ccooagencias.org\/?p=7997"},"modified":"2016-04-20T12:32:54","modified_gmt":"2016-04-20T10:32:54","slug":"cuanto-tiempo-me-corresponde-si-debo-ir-al-medico-2","status":"publish","type":"post","link":"https:\/\/ccoo.app\/agencias\/cuanto-tiempo-me-corresponde-si-debo-ir-al-medico-2\/","title":{"rendered":"\u00bfCu\u00e1nto tiempo me corresponde si debo ir al m\u00e9dico?"},"content":{"rendered":"<p>El <span style=\"color: #ff0000\"><strong>tiempo imprescindible<\/strong><\/span> incluido el desplazamiento<strong> para consultas m\u00e9dicas o pruebas diagn\u00f3sticas del propio trabajador\/a<\/strong>: <span style=\"color: #ff0000\"><strong>hasta 3 veces al a\u00f1o<\/strong><\/span>.<\/p>\n<p><span style=\"color: #ff0000\"><strong>\u00bfY un pariente de primer grado de consanguinidad se pone enfermo?<\/strong> <\/span><br \/>\nTienes el <span style=\"color: #ff0000\"><strong>tiempo imprescindible<\/strong><\/span> <strong>para acompa\u00f1ar a descendientes en edad pedi\u00e1trica, a cargo de la persona trabajadora, a consultas m\u00e9dicas o pruebas diagn\u00f3sticas<\/strong>: <strong>hasta 3 veces al a\u00f1o por cada hijo\/a<\/strong>.<\/p>\n<p>Tienes el <span style=\"color: #ff0000\"><strong>tiempo imprescindible<\/strong><\/span> <strong>para acompa\u00f1ar a ascendientes dependientes, a cargo de la persona trabajadora, a consultas m\u00e9dicas o pruebas diagn\u00f3sticas<\/strong>: <strong><span style=\"color: #ff0000\">hasta 3 veces<\/span> al a\u00f1o por ascendiente<\/strong>.    \t<\/p>\n","protected":false},"excerpt":{"rendered":"<p>El tiempo imprescindible incluido el desplazamiento para consultas m\u00e9dicas o pruebas diagn\u00f3sticas del propio trabajador\/a: hasta 3 veces al a\u00f1o. \u00bfY un pariente de primer grado de consanguinidad se pone &#8230; <a title=\"\u00bfCu\u00e1nto tiempo me corresponde si debo ir al m\u00e9dico?\" class=\"read-more\" href=\"https:\/\/ccoo.app\/agencias\/cuanto-tiempo-me-corresponde-si-debo-ir-al-medico-2\/\" aria-label=\"Leer m\u00e1s sobre \u00bfCu\u00e1nto tiempo me corresponde si debo ir al m\u00e9dico?\">Leer m\u00e1s<\/a><\/p>\n","protected":false},"author":5274,"featured_media":8962,"comment_status":"open","ping_status":"open","sticky":false,"template":"","format":"standard","meta":{"footnotes":""},"categories":[52],"tags":[],"class_list":["post-7997","post","type-post","status-publish","format-standard","has-post-thumbnail","hentry","category-vecisa-permisos","generate-columns","tablet-grid-50","mobile-grid-100","grid-parent","grid-33"],"_links":{"self":[{"href":"https:\/\/ccoo.app\/agencias\/wp-json\/wp\/v2\/posts\/7997","targetHints":{"allow":["GET"]}}],"collection":[{"href":"https:\/\/ccoo.app\/agencias\/wp-json\/wp\/v2\/posts"}],"about":[{"href":"https:\/\/ccoo.app\/agencias\/wp-json\/wp\/v2\/types\/post"}],"author":[{"embeddable":true,"href":"https:\/\/ccoo.app\/agencias\/wp-json\/wp\/v2\/users\/5274"}],"replies":[{"embeddable":true,"href":"https:\/\/ccoo.app\/agencias\/wp-json\/wp\/v2\/comments?post=7997"}],"version-history":[{"count":0,"href":"https:\/\/ccoo.app\/agencias\/wp-json\/wp\/v2\/posts\/7997\/revisions"}],"wp:featuredmedia":[{"embeddable":true,"href":"https:\/\/ccoo.app\/agencias\/wp-json\/wp\/v2\/media\/8962"}],"wp:attachment":[{"href":"https:\/\/ccoo.app\/agencias\/wp-json\/wp\/v2\/media?parent=7997"}],"wp:term":[{"taxonomy":"category","embeddable":true,"href":"https:\/\/ccoo.app\/agencias\/wp-json\/wp\/v2\/categories?post=7997"},{"taxonomy":"post_tag","embeddable":true,"href":"https:\/\/ccoo.app\/agencias\/wp-json\/wp\/v2\/tags?post=7997"}],"curies":[{"name":"wp","href":"https:\/\/api.w.org\/{rel}","templated":true}]}}