{"id":7993,"date":"2016-04-20T12:27:09","date_gmt":"2016-04-20T10:27:09","guid":{"rendered":"https:\/\/ccooagencias.org\/?p=7993"},"modified":"2016-04-20T12:27:09","modified_gmt":"2016-04-20T10:27:09","slug":"cuantos-dias-me-corresponden-en-caso-de-fallecimiento-de-un-familiar-2","status":"publish","type":"post","link":"https:\/\/ccoo.app\/agencias\/cuantos-dias-me-corresponden-en-caso-de-fallecimiento-de-un-familiar-2\/","title":{"rendered":"\u00bfCu\u00e1ntos d\u00edas me corresponden en caso de fallecimiento de un familiar?"},"content":{"rendered":"<p><span style=\"color: #ff0000\">\u00bfCu\u00e1ntos d\u00edas me corresponden en caso de fallecimiento de un familiar?<\/span><br \/>\n<span style=\"color: #ff0000\"><strong>6 d\u00edas naturales<\/strong>\u00a0<\/span>por fallecimiento de c\u00f3nyuge, ascendientes o descendientes en primer grado de consanguinidad o afinidad.<br \/>\n<span style=\"color: #ff0000\"><strong>3 d\u00edas naturales<\/strong> <\/span>por fallecimiento de hermanos\/as. Cuando con tal motivo la persona trabajadora necesite hacer un <span style=\"color: #ff0000\">desplazamiento al efecto el plazo ser\u00e1 de 4 d\u00edas naturales<\/span>.<br \/>\n<span style=\"color: #ff0000\"><strong>2 d\u00edas naturales<\/strong> <\/span>por fallecimiento de abuelos\/as y nietos\/as. Cuando con tal motivo la persona trabajadora necesite hacer un <span style=\"color: #ff0000\">desplazamiento al efecto el plazo ser\u00e1 de 4 d\u00edas naturales<\/span>.    \t<\/p>\n","protected":false},"excerpt":{"rendered":"<p>\u00bfCu\u00e1ntos d\u00edas me corresponden en caso de fallecimiento de un familiar? 6 d\u00edas naturales\u00a0por fallecimiento de c\u00f3nyuge, ascendientes o descendientes en primer grado de consanguinidad o afinidad. 3 d\u00edas naturales &#8230; <a title=\"\u00bfCu\u00e1ntos d\u00edas me corresponden en caso de fallecimiento de un familiar?\" class=\"read-more\" href=\"https:\/\/ccoo.app\/agencias\/cuantos-dias-me-corresponden-en-caso-de-fallecimiento-de-un-familiar-2\/\" aria-label=\"Leer m\u00e1s sobre \u00bfCu\u00e1ntos d\u00edas me corresponden en caso de fallecimiento de un familiar?\">Leer m\u00e1s<\/a><\/p>\n","protected":false},"author":5274,"featured_media":8975,"comment_status":"open","ping_status":"open","sticky":false,"template":"","format":"standard","meta":{"footnotes":""},"categories":[52],"tags":[],"class_list":["post-7993","post","type-post","status-publish","format-standard","has-post-thumbnail","hentry","category-vecisa-permisos","generate-columns","tablet-grid-50","mobile-grid-100","grid-parent","grid-33"],"_links":{"self":[{"href":"https:\/\/ccoo.app\/agencias\/wp-json\/wp\/v2\/posts\/7993","targetHints":{"allow":["GET"]}}],"collection":[{"href":"https:\/\/ccoo.app\/agencias\/wp-json\/wp\/v2\/posts"}],"about":[{"href":"https:\/\/ccoo.app\/agencias\/wp-json\/wp\/v2\/types\/post"}],"author":[{"embeddable":true,"href":"https:\/\/ccoo.app\/agencias\/wp-json\/wp\/v2\/users\/5274"}],"replies":[{"embeddable":true,"href":"https:\/\/ccoo.app\/agencias\/wp-json\/wp\/v2\/comments?post=7993"}],"version-history":[{"count":0,"href":"https:\/\/ccoo.app\/agencias\/wp-json\/wp\/v2\/posts\/7993\/revisions"}],"wp:featuredmedia":[{"embeddable":true,"href":"https:\/\/ccoo.app\/agencias\/wp-json\/wp\/v2\/media\/8975"}],"wp:attachment":[{"href":"https:\/\/ccoo.app\/agencias\/wp-json\/wp\/v2\/media?parent=7993"}],"wp:term":[{"taxonomy":"category","embeddable":true,"href":"https:\/\/ccoo.app\/agencias\/wp-json\/wp\/v2\/categories?post=7993"},{"taxonomy":"post_tag","embeddable":true,"href":"https:\/\/ccoo.app\/agencias\/wp-json\/wp\/v2\/tags?post=7993"}],"curies":[{"name":"wp","href":"https:\/\/api.w.org\/{rel}","templated":true}]}}