{"id":7984,"date":"2016-04-20T12:09:23","date_gmt":"2016-04-20T10:09:23","guid":{"rendered":"https:\/\/ccooagencias.org\/?p=7984"},"modified":"2016-04-20T12:09:23","modified_gmt":"2016-04-20T10:09:23","slug":"puedo-reducir-mi-jornada-por-motivos-familiares","status":"publish","type":"post","link":"https:\/\/ccoo.app\/agencias\/puedo-reducir-mi-jornada-por-motivos-familiares\/","title":{"rendered":"\u00bfPuedo reducir mi jornada por motivos familiares?"},"content":{"rendered":"<p><span style=\"color: #ff0000\">S\u00ed<\/span>, si tienes a tu cuidado directo (guarda legal), alg\u00fan menor de 12 a\u00f1os o una persona con discapacidad f\u00edsica, ps\u00edquica o sensorial, que no desempe\u00f1e una actividad retribuida.<\/p>\n<p>Puedes reducir tu jornada como m\u00ednimo una octava parte y como m\u00e1ximo la mitad, con la disminuci\u00f3n proporcional de tu salario.<\/p>\n<p>Tienes el mismo derecho si precisas encargarte del cuidado directo de un familiar, hasta el segundo grado de consanguinidad o afinidad, que por razones de edad, accidente o enfermedad no pueda valerse por s\u00ed mismo, acreditando esta circunstancia, y que no desempe\u00f1e actividad retribuida.    \t<\/p>\n","protected":false},"excerpt":{"rendered":"<p>S\u00ed, si tienes a tu cuidado directo (guarda legal), alg\u00fan menor de 12 a\u00f1os o una persona con discapacidad f\u00edsica, ps\u00edquica o sensorial, que no desempe\u00f1e una actividad retribuida. Puedes &#8230; <a title=\"\u00bfPuedo reducir mi jornada por motivos familiares?\" class=\"read-more\" href=\"https:\/\/ccoo.app\/agencias\/puedo-reducir-mi-jornada-por-motivos-familiares\/\" aria-label=\"Leer m\u00e1s sobre \u00bfPuedo reducir mi jornada por motivos familiares?\">Leer m\u00e1s<\/a><\/p>\n","protected":false},"author":5274,"featured_media":7428,"comment_status":"open","ping_status":"open","sticky":false,"template":"","format":"standard","meta":{"footnotes":""},"categories":[52],"tags":[],"class_list":["post-7984","post","type-post","status-publish","format-standard","has-post-thumbnail","hentry","category-vecisa-permisos","generate-columns","tablet-grid-50","mobile-grid-100","grid-parent","grid-33"],"_links":{"self":[{"href":"https:\/\/ccoo.app\/agencias\/wp-json\/wp\/v2\/posts\/7984","targetHints":{"allow":["GET"]}}],"collection":[{"href":"https:\/\/ccoo.app\/agencias\/wp-json\/wp\/v2\/posts"}],"about":[{"href":"https:\/\/ccoo.app\/agencias\/wp-json\/wp\/v2\/types\/post"}],"author":[{"embeddable":true,"href":"https:\/\/ccoo.app\/agencias\/wp-json\/wp\/v2\/users\/5274"}],"replies":[{"embeddable":true,"href":"https:\/\/ccoo.app\/agencias\/wp-json\/wp\/v2\/comments?post=7984"}],"version-history":[{"count":0,"href":"https:\/\/ccoo.app\/agencias\/wp-json\/wp\/v2\/posts\/7984\/revisions"}],"wp:featuredmedia":[{"embeddable":true,"href":"https:\/\/ccoo.app\/agencias\/wp-json\/wp\/v2\/media\/7428"}],"wp:attachment":[{"href":"https:\/\/ccoo.app\/agencias\/wp-json\/wp\/v2\/media?parent=7984"}],"wp:term":[{"taxonomy":"category","embeddable":true,"href":"https:\/\/ccoo.app\/agencias\/wp-json\/wp\/v2\/categories?post=7984"},{"taxonomy":"post_tag","embeddable":true,"href":"https:\/\/ccoo.app\/agencias\/wp-json\/wp\/v2\/tags?post=7984"}],"curies":[{"name":"wp","href":"https:\/\/api.w.org\/{rel}","templated":true}]}}