{"id":7366,"date":"2018-07-08T17:57:16","date_gmt":"2018-07-08T15:57:16","guid":{"rendered":"http:\/\/ccooagencias.org\/?p=7366"},"modified":"2018-07-08T17:57:16","modified_gmt":"2018-07-08T15:57:16","slug":"primeros-pasos-ein-madrid","status":"publish","type":"post","link":"https:\/\/ccoo.app\/agencias\/primeros-pasos-ein-madrid\/","title":{"rendered":"Primeros pasos en EIN Madrid"},"content":{"rendered":"<p>[fusion_builder_container hundred_percent=\u00bbno\u00bb equal_height_columns=\u00bbno\u00bb menu_anchor=\u00bb\u00bb hide_on_mobile=\u00bbsmall-visibility,medium-visibility,large-visibility\u00bb class=\u00bb\u00bb id=\u00bb\u00bb background_color=\u00bb\u00bb background_image=\u00bb\u00bb background_position=\u00bbcenter center\u00bb background_repeat=\u00bbno-repeat\u00bb fade=\u00bbno\u00bb background_parallax=\u00bbnone\u00bb parallax_speed=\u00bb0.3&#8243; video_mp4=\u00bb\u00bb video_webm=\u00bb\u00bb video_ogv=\u00bb\u00bb video_url=\u00bb\u00bb video_aspect_ratio=\u00bb16:9&#8243; video_loop=\u00bbyes\u00bb video_mute=\u00bbyes\u00bb overlay_color=\u00bb\u00bb video_preview_image=\u00bb\u00bb border_size=\u00bb\u00bb border_color=\u00bb\u00bb border_style=\u00bbsolid\u00bb padding_top=\u00bb\u00bb padding_bottom=\u00bb\u00bb padding_left=\u00bb\u00bb padding_right=\u00bb\u00bb][fusion_builder_row][fusion_builder_column type=\u00bb1_1&#8243; layout=\u00bb1_1&#8243; background_position=\u00bbleft top\u00bb background_color=\u00bb\u00bb border_size=\u00bb\u00bb border_color=\u00bb\u00bb border_style=\u00bbsolid\u00bb border_position=\u00bball\u00bb spacing=\u00bbyes\u00bb background_image=\u00bb\u00bb background_repeat=\u00bbno-repeat\u00bb padding_top=\u00bb\u00bb padding_right=\u00bb\u00bb padding_bottom=\u00bb\u00bb padding_left=\u00bb\u00bb margin_top=\u00bb0px\u00bb margin_bottom=\u00bb0px\u00bb class=\u00bb\u00bb id=\u00bb\u00bb animation_type=\u00bb\u00bb animation_speed=\u00bb0.3&#8243; animation_direction=\u00bbleft\u00bb hide_on_mobile=\u00bbsmall-visibility,medium-visibility,large-visibility\u00bb center_content=\u00bbno\u00bb last=\u00bbno\u00bb min_height=\u00bb\u00bb hover_type=\u00bbnone\u00bb link=\u00bb\u00bb][fusion_text columns=\u00bb\u00bb column_min_width=\u00bb\u00bb column_spacing=\u00bb\u00bb rule_style=\u00bbdefault\u00bb rule_size=\u00bb\u00bb rule_color=\u00bb\u00bb class=\u00bb\u00bb id=\u00bb\u00bb]<\/p>\n<h4><span style=\"color: #ff0000\">Primeros meses de actividad del comit\u00e9 de EIN Madrid<\/span><\/h4>\n<p class=\"Standard\" style=\"text-align: justify\">Con el objetivo de mantener una buena pol\u00edtica de comunicaci\u00f3n con la plantilla iremos informando de la actividad del comit\u00e9 de manera peri\u00f3dica, informando de sus avances y tambi\u00e9n de sus dificultades.<\/p>\n<p class=\"Standard\" style=\"text-align: justify\">Estos primeros meses han sido de intenso aprendizaje, sobre todo de las cuestiones m\u00e1s b\u00e1sicas, desde nuestra organizaci\u00f3n interna hasta las tareas a abordar y c\u00f3mo abordarlas.<\/p>\n<p>[\/fusion_text][\/fusion_builder_column][\/fusion_builder_row][\/fusion_builder_container][fusion_builder_container hundred_percent=\u00bbyes\u00bb overflow=\u00bbvisible\u00bb margin_top=\u00bb5px\u00bb margin_bottom=\u00bb\u00bb][fusion_builder_row][fusion_builder_column type=\u00bb1_1&#8243; layout=\u00bb1_1&#8243; background_position=\u00bbleft top\u00bb background_color=\u00bb\u00bb border_size=\u00bb\u00bb border_color=\u00bb\u00bb border_style=\u00bbsolid\u00bb spacing=\u00bbyes\u00bb background_image=\u00bb\u00bb background_repeat=\u00bbno-repeat\u00bb padding_top=\u00bb\u00bb padding_right=\u00bb\u00bb padding_bottom=\u00bb\u00bb padding_left=\u00bb\u00bb margin_top=\u00bb0px\u00bb margin_bottom=\u00bb0px\u00bb class=\u00bb\u00bb id=\u00bb\u00bb animation_type=\u00bb\u00bb animation_speed=\u00bb0.3&#8243; animation_direction=\u00bbleft\u00bb hide_on_mobile=\u00bbno\u00bb center_content=\u00bbno\u00bb min_height=\u00bbnone\u00bb last=\u00bbno\u00bb hover_type=\u00bbnone\u00bb link=\u00bb\u00bb border_position=\u00bball\u00bb][fusion_separator style_type=\u00bbnone\u00bb sep_color=\u00bb\u00bb border_size=\u00bb\u00bb icon=\u00bb\u00bb icon_circle=\u00bb\u00bb icon_circle_color=\u00bb\u00bb width=\u00bb\u00bb alignment=\u00bbcenter\u00bb class=\u00bb\u00bb id=\u00bb\u00bb \/][fusion_text columns=\u00bb\u00bb column_min_width=\u00bb\u00bb column_spacing=\u00bb\u00bb rule_style=\u00bbdefault\u00bb rule_size=\u00bb\u00bb rule_color=\u00bb\u00bb class=\u00bb\u00bb id=\u00bb\u00bb]<\/p>\n<blockquote>\n<p class=\"Standard\" style=\"text-align: justify\"><span style=\"font-weight: 400\">El comit\u00e9 de CCOO en eDreams Madrid da sus primeros pasos mirando hacia la organizaci\u00f3n interna y adquiriendo experiencia para desaf\u00edos futuros<\/span>.<\/p>\n<\/blockquote>\n<p>[\/fusion_text][\/fusion_builder_column][\/fusion_builder_row][\/fusion_builder_container][fusion_builder_container hundred_percent=\u00bbyes\u00bb overflow=\u00bbvisible\u00bb margin_top=\u00bb20px\u00bb margin_bottom=\u00bb\u00bb][fusion_builder_row][fusion_builder_column type=\u00bb1_1&#8243; layout=\u00bb1_1&#8243; background_position=\u00bbleft top\u00bb background_color=\u00bb\u00bb border_size=\u00bb\u00bb border_color=\u00bb\u00bb border_style=\u00bbsolid\u00bb spacing=\u00bbyes\u00bb background_image=\u00bb\u00bb background_repeat=\u00bbno-repeat\u00bb padding_top=\u00bb\u00bb padding_right=\u00bb\u00bb padding_bottom=\u00bb\u00bb padding_left=\u00bb\u00bb margin_top=\u00bb0px\u00bb margin_bottom=\u00bb0px\u00bb class=\u00bb\u00bb id=\u00bb\u00bb animation_type=\u00bb\u00bb animation_speed=\u00bb0.3&#8243; animation_direction=\u00bbleft\u00bb hide_on_mobile=\u00bbno\u00bb center_content=\u00bbno\u00bb min_height=\u00bbnone\u00bb last=\u00bbno\u00bb hover_type=\u00bbnone\u00bb link=\u00bb\u00bb border_position=\u00bball\u00bb][fusion_separator style_type=\u00bbnone\u00bb sep_color=\u00bb\u00bb border_size=\u00bb\u00bb icon=\u00bb\u00bb icon_circle=\u00bb\u00bb icon_circle_color=\u00bb\u00bb width=\u00bb\u00bb alignment=\u00bbcenter\u00bb class=\u00bb\u00bb id=\u00bb\u00bb \/][fusion_text columns=\u00bb\u00bb column_min_width=\u00bb\u00bb column_spacing=\u00bb\u00bb rule_style=\u00bbdefault\u00bb rule_size=\u00bb\u00bb rule_color=\u00bb\u00bb class=\u00bb\u00bb id=\u00bb\u00bb]<\/p>\n<h4><u>Repasando algunos acuerdos: Presencia de RRHH<\/u><\/h4>\n<p class=\"Standard\" style=\"text-align: justify\">En la primera reuni\u00f3n que mantuvimos con la empresa se acord\u00f3 la presencia de RRHH en la oficina una vez al mes para atender personalmente a la plantilla, y si bien se ha conseguido en alguna ocasi\u00f3n la periodicidad est\u00e1 bastante lejos de lo acordado habiendo venido hasta el momento s\u00f3lo dos veces. Seguiremos insistiendo en este punto para conseguir que se cumpla definitivamente.<\/p>\n<h4><u>Acondicionamiento de sala y documentaci\u00f3n.<\/u><\/h4>\n<p class=\"Standard\" style=\"text-align: justify\">El trabajo del comit\u00e9 es a\u00fan muy lento. Ha sido entre junio y julio que hemos recibido de parte del sindicato la formaci\u00f3n b\u00e1sica necesaria.\u00a0 Pero adem\u00e1s de esta cuesti\u00f3n se nos interponen algunos obst\u00e1culos m\u00e1s: La empresa a\u00fan no ha acondicionado la sala de uso preferente para que el comit\u00e9 pueda entre otras cosas recibir y guardar la documentaci\u00f3n necesaria para poder realizar funciones de control. Son un ejemplo las copias de los contratos o la evaluaci\u00f3n de riesgos laborales.<\/p>\n<h4><u>Comisi\u00f3n paritaria de seguridad y salud.<\/u><\/h4>\n<p class=\"Standard\" style=\"text-align: justify\">En marzo pudimos reunirnos con los responsables de Facilities y Seguridad y Salud. Para preparar esta reuni\u00f3n os pedimos unos d\u00edas antes nos transmitierais todos los problemas relacionados con estas cuestiones para ordenarlos y exponerlos para buscar avanzar en soluciones. La falta de agua caliente en la oficina, los problemas con la temperatura y corrientes de aire, la iluminaci\u00f3n, la falta de reposabrazos, reposapi\u00e9s, etc.. son temas recurrentes que evidencian que existe un amplio margen de mejora en temas relacionados con la salud en el trabajo.<\/p>\n<p class=\"Standard\" style=\"text-align: justify\">Tras esa reuni\u00f3n qued\u00f3 constituida la Comisi\u00f3n paritaria de seguridad y salud y sus miembros ya est\u00e1n siendo formados para poder desarrollar estas funciones. Ser\u00e1 tarea de nuestros delegados de prevenci\u00f3n impulsar su funcionamiento para dar pasos hacia la mejora de nuestras condiciones en materia de salud.<\/p>\n<h4><u>Concentraci\u00f3n contra las muertes en el trabajo.<\/u><\/h4>\n<p class=\"Standard\" style=\"text-align: justify\">El mes pasado murieron dos trabajadores de la construcci\u00f3n en un derrumbe en Chamber\u00ed y un trabajador de metro a consecuencia de un c\u00e1ncer provocado por la exposici\u00f3n al amianto. Estuvimos presentes en representaci\u00f3n de los trabajadores y trabajadoras de eDreams en la concentraci\u00f3n convocada para denunciar que estas muertes son evitables si se invierte en prevenci\u00f3n y si se trabaja por hacer cumplir en cada centro de trabajo la Ley de Prevenci\u00f3n de riesgos laborales.<\/p>\n<h4><u>Los Jueves el Comit\u00e9 estar\u00e1 a disposici\u00f3n de la plantilla en una de las salas.<\/u><\/h4>\n<p class=\"Standard\" style=\"text-align: justify\">Con el fin de poder atender al compa\u00f1ero que lo desee hemos decidido los jueves por la tarde reservar durante un par de horas una de las salas. Como siempre adem\u00e1s estamos abiertos a recibir correos a <u><a href=\"mailto:comite.ein.madrid@gmail.com\">comite.ein.madrid@gmail.com<\/a><\/u><\/p>\n<p>[\/fusion_text][\/fusion_builder_column][\/fusion_builder_row][\/fusion_builder_container]    \t<\/p>\n","protected":false},"excerpt":{"rendered":"<p>[fusion_builder_container hundred_percent=\u00bbno\u00bb equal_height_columns=\u00bbno\u00bb menu_anchor=\u00bb\u00bb hide_on_mobile=\u00bbsmall-visibility,medium-visibility,large-visibility\u00bb class=\u00bb\u00bb id=\u00bb\u00bb background_color=\u00bb\u00bb background_image=\u00bb\u00bb background_position=\u00bbcenter center\u00bb background_repeat=\u00bbno-repeat\u00bb fade=\u00bbno\u00bb background_parallax=\u00bbnone\u00bb parallax_speed=\u00bb0.3&#8243; video_mp4=\u00bb\u00bb video_webm=\u00bb\u00bb video_ogv=\u00bb\u00bb video_url=\u00bb\u00bb video_aspect_ratio=\u00bb16:9&#8243; video_loop=\u00bbyes\u00bb video_mute=\u00bbyes\u00bb overlay_color=\u00bb\u00bb video_preview_image=\u00bb\u00bb border_size=\u00bb\u00bb border_color=\u00bb\u00bb border_style=\u00bbsolid\u00bb padding_top=\u00bb\u00bb padding_bottom=\u00bb\u00bb padding_left=\u00bb\u00bb &#8230; <a title=\"Primeros pasos en EIN Madrid\" class=\"read-more\" href=\"https:\/\/ccoo.app\/agencias\/primeros-pasos-ein-madrid\/\" aria-label=\"Leer m\u00e1s sobre Primeros pasos en EIN Madrid\">Leer m\u00e1s<\/a><\/p>\n","protected":false},"author":5274,"featured_media":7371,"comment_status":"open","ping_status":"open","sticky":false,"template":"","format":"standard","meta":{"footnotes":""},"categories":[24],"tags":[],"class_list":["post-7366","post","type-post","status-publish","format-standard","has-post-thumbnail","hentry","category-edreams-madrid","generate-columns","tablet-grid-50","mobile-grid-100","grid-parent","grid-33"],"_links":{"self":[{"href":"https:\/\/ccoo.app\/agencias\/wp-json\/wp\/v2\/posts\/7366","targetHints":{"allow":["GET"]}}],"collection":[{"href":"https:\/\/ccoo.app\/agencias\/wp-json\/wp\/v2\/posts"}],"about":[{"href":"https:\/\/ccoo.app\/agencias\/wp-json\/wp\/v2\/types\/post"}],"author":[{"embeddable":true,"href":"https:\/\/ccoo.app\/agencias\/wp-json\/wp\/v2\/users\/5274"}],"replies":[{"embeddable":true,"href":"https:\/\/ccoo.app\/agencias\/wp-json\/wp\/v2\/comments?post=7366"}],"version-history":[{"count":0,"href":"https:\/\/ccoo.app\/agencias\/wp-json\/wp\/v2\/posts\/7366\/revisions"}],"wp:featuredmedia":[{"embeddable":true,"href":"https:\/\/ccoo.app\/agencias\/wp-json\/wp\/v2\/media\/7371"}],"wp:attachment":[{"href":"https:\/\/ccoo.app\/agencias\/wp-json\/wp\/v2\/media?parent=7366"}],"wp:term":[{"taxonomy":"category","embeddable":true,"href":"https:\/\/ccoo.app\/agencias\/wp-json\/wp\/v2\/categories?post=7366"},{"taxonomy":"post_tag","embeddable":true,"href":"https:\/\/ccoo.app\/agencias\/wp-json\/wp\/v2\/tags?post=7366"}],"curies":[{"name":"wp","href":"https:\/\/api.w.org\/{rel}","templated":true}]}}