{"id":7338,"date":"2018-05-29T19:49:30","date_gmt":"2018-05-29T17:49:30","guid":{"rendered":"http:\/\/ccooagencias.org\/?p=7338"},"modified":"2018-05-29T19:49:30","modified_gmt":"2018-05-29T17:49:30","slug":"que-ocurre-con-la-climatizacion-en-special-tours","status":"publish","type":"post","link":"https:\/\/ccoo.app\/agencias\/que-ocurre-con-la-climatizacion-en-special-tours\/","title":{"rendered":"\u00bfQu\u00e9 ocurre con la climatizaci\u00f3n en Special Tours?"},"content":{"rendered":"<p>[fusion_builder_container hundred_percent=\u00bbno\u00bb equal_height_columns=\u00bbno\u00bb menu_anchor=\u00bb\u00bb hide_on_mobile=\u00bbsmall-visibility,medium-visibility,large-visibility\u00bb class=\u00bb\u00bb id=\u00bb\u00bb background_color=\u00bb\u00bb background_image=\u00bb\u00bb background_position=\u00bbcenter center\u00bb background_repeat=\u00bbno-repeat\u00bb fade=\u00bbno\u00bb background_parallax=\u00bbnone\u00bb parallax_speed=\u00bb0.3&#8243; video_mp4=\u00bb\u00bb video_webm=\u00bb\u00bb video_ogv=\u00bb\u00bb video_url=\u00bb\u00bb video_aspect_ratio=\u00bb16:9&#8243; video_loop=\u00bbyes\u00bb video_mute=\u00bbyes\u00bb overlay_color=\u00bb\u00bb video_preview_image=\u00bb\u00bb border_size=\u00bb\u00bb border_color=\u00bb\u00bb border_style=\u00bbsolid\u00bb padding_top=\u00bb\u00bb padding_bottom=\u00bb\u00bb padding_left=\u00bb\u00bb padding_right=\u00bb\u00bb][fusion_builder_row][fusion_builder_column type=\u00bb1_1&#8243; layout=\u00bb1_1&#8243; background_position=\u00bbleft top\u00bb background_color=\u00bb\u00bb border_size=\u00bb\u00bb border_color=\u00bb\u00bb border_style=\u00bbsolid\u00bb border_position=\u00bball\u00bb spacing=\u00bbyes\u00bb background_image=\u00bb\u00bb background_repeat=\u00bbno-repeat\u00bb padding_top=\u00bb\u00bb padding_right=\u00bb\u00bb padding_bottom=\u00bb\u00bb padding_left=\u00bb\u00bb margin_top=\u00bb0px\u00bb margin_bottom=\u00bb0px\u00bb class=\u00bb\u00bb id=\u00bb\u00bb animation_type=\u00bb\u00bb animation_speed=\u00bb0.3&#8243; animation_direction=\u00bbleft\u00bb hide_on_mobile=\u00bbsmall-visibility,medium-visibility,large-visibility\u00bb center_content=\u00bbno\u00bb last=\u00bbno\u00bb min_height=\u00bb\u00bb hover_type=\u00bbnone\u00bb link=\u00bb\u00bb][fusion_text columns=\u00bb\u00bb column_min_width=\u00bb\u00bb column_spacing=\u00bb\u00bb rule_style=\u00bbdefault\u00bb rule_size=\u00bb\u00bb rule_color=\u00bb\u00bb class=\u00bb\u00bb id=\u00bb\u00bb]<\/p>\n<h4><span style=\"color: #ff0000\">Preocupaci\u00f3n<\/span><\/h4>\n<p class=\"Standard\" style=\"text-align: justify\">Como delegadas del Comit\u00e9 de Seguridad y Salud estamos muy preocupadas por c\u00f3mo est\u00e1 funcionando la climatizaci\u00f3n en la oficina. Llevamos tres semanas aqu\u00ed y los problemas sobre los que hemos ido avisando a la empresa desde la primera semana parecen lejos de solucionarse.<\/p>\n<p class=\"Standard\" style=\"text-align: justify\"><span style=\"font-weight: 400\">En el m\u00f3dulo 2 comprobamos que la segunda semana la climatizaci\u00f3n estaba mejor ajustada pero desde la semana pasada notamos, y nos hab\u00e9is hecho notar, que nuevamente hace fr\u00edo. En el m\u00f3dulo 1 ha sido peor todav\u00eda ya que no se ha notado absolutamente ninguna mejora en todo este tiempo.<\/span><\/p>\n<p>[\/fusion_text][\/fusion_builder_column][\/fusion_builder_row][\/fusion_builder_container][fusion_builder_container hundred_percent=\u00bbyes\u00bb overflow=\u00bbvisible\u00bb margin_top=\u00bb5px\u00bb margin_bottom=\u00bb\u00bb][fusion_builder_row][fusion_builder_column type=\u00bb1_1&#8243; layout=\u00bb1_1&#8243; background_position=\u00bbleft top\u00bb background_color=\u00bb\u00bb border_size=\u00bb\u00bb border_color=\u00bb\u00bb border_style=\u00bbsolid\u00bb spacing=\u00bbyes\u00bb background_image=\u00bb\u00bb background_repeat=\u00bbno-repeat\u00bb padding_top=\u00bb\u00bb padding_right=\u00bb\u00bb padding_bottom=\u00bb\u00bb padding_left=\u00bb\u00bb margin_top=\u00bb0px\u00bb margin_bottom=\u00bb0px\u00bb class=\u00bb\u00bb id=\u00bb\u00bb animation_type=\u00bb\u00bb animation_speed=\u00bb0.3&#8243; animation_direction=\u00bbleft\u00bb hide_on_mobile=\u00bbno\u00bb center_content=\u00bbno\u00bb min_height=\u00bbnone\u00bb last=\u00bbno\u00bb hover_type=\u00bbnone\u00bb link=\u00bb\u00bb border_position=\u00bball\u00bb][fusion_separator style_type=\u00bbnone\u00bb sep_color=\u00bb\u00bb border_size=\u00bb\u00bb icon=\u00bb\u00bb icon_circle=\u00bb\u00bb icon_circle_color=\u00bb\u00bb width=\u00bb\u00bb alignment=\u00bbcenter\u00bb class=\u00bb\u00bb id=\u00bb\u00bb \/][fusion_text columns=\u00bb\u00bb column_min_width=\u00bb\u00bb column_spacing=\u00bb\u00bb rule_style=\u00bbdefault\u00bb rule_size=\u00bb\u00bb rule_color=\u00bb\u00bb class=\u00bb\u00bb id=\u00bb\u00bb]<\/p>\n<blockquote>\n<p class=\"Standard\" style=\"text-align: justify\"><span style=\"font-weight: 400\">Desde CCOO pedimos soluciones urgentes dado que nuestra salud est\u00e1 en juego<\/span>.<\/p>\n<\/blockquote>\n<p>[\/fusion_text][\/fusion_builder_column][\/fusion_builder_row][\/fusion_builder_container][fusion_builder_container hundred_percent=\u00bbyes\u00bb overflow=\u00bbvisible\u00bb margin_top=\u00bb20px\u00bb margin_bottom=\u00bb\u00bb][fusion_builder_row][fusion_builder_column type=\u00bb1_1&#8243; layout=\u00bb1_1&#8243; background_position=\u00bbleft top\u00bb background_color=\u00bb\u00bb border_size=\u00bb\u00bb border_color=\u00bb\u00bb border_style=\u00bbsolid\u00bb spacing=\u00bbyes\u00bb background_image=\u00bb\u00bb background_repeat=\u00bbno-repeat\u00bb padding_top=\u00bb\u00bb padding_right=\u00bb\u00bb padding_bottom=\u00bb\u00bb padding_left=\u00bb\u00bb margin_top=\u00bb0px\u00bb margin_bottom=\u00bb0px\u00bb class=\u00bb\u00bb id=\u00bb\u00bb animation_type=\u00bb\u00bb animation_speed=\u00bb0.3&#8243; animation_direction=\u00bbleft\u00bb hide_on_mobile=\u00bbno\u00bb center_content=\u00bbno\u00bb min_height=\u00bbnone\u00bb last=\u00bbno\u00bb hover_type=\u00bbnone\u00bb link=\u00bb\u00bb border_position=\u00bball\u00bb][fusion_separator style_type=\u00bbnone\u00bb sep_color=\u00bb\u00bb border_size=\u00bb\u00bb icon=\u00bb\u00bb icon_circle=\u00bb\u00bb icon_circle_color=\u00bb\u00bb width=\u00bb\u00bb alignment=\u00bbcenter\u00bb class=\u00bb\u00bb id=\u00bb\u00bb \/][fusion_text columns=\u00bb\u00bb column_min_width=\u00bb\u00bb column_spacing=\u00bb\u00bb rule_style=\u00bbdefault\u00bb rule_size=\u00bb\u00bb rule_color=\u00bb\u00bb class=\u00bb\u00bb id=\u00bb\u00bb]<\/p>\n<h4><span style=\"color: #ff0000\">Vuestra salud est\u00e1 en juego<\/span><\/h4>\n<p class=\"Standard\" style=\"text-align: justify\"><span style=\"font-weight: 400\">Como hab\u00e9is podido ver, durante este tiempo hemos reclamado soluciones a la empresa informando qu\u00e9 problemas habr\u00eda que solucionar, cu\u00e1les son las zonas en las que m\u00e1s incidencias hemos anotado y recomendado medidas preventivas a aplicar como la instalaci\u00f3n de difusores para que el aire no incida directamente sobre los puestos de trabajo o revisar las salidas de aire que parece que no funcionan.<\/span><\/p>\n<p class=\"Standard\" style=\"text-align: justify\"><span style=\"font-weight: 400\">Como es l\u00f3gico damos un margen para que se apliquen medidas pero si vemos que despu\u00e9s de tres semanas todo sigue igual no podemos quedarnos imp\u00e1vidas y esperar a que todo se arregle.<\/span><\/p>\n<h4><span style=\"color: #ff0000\">Pedimos soluciones urgentes<\/span><\/h4>\n<p class=\"Standard\" style=\"text-align: justify\"><span style=\"font-weight: 400\">Tras comprobar que en la ma\u00f1ana de hoy el fr\u00edo sigue presente en toda la planta hemos enviado mensaje a la empresa mostrando nuestro asombro a que en un d\u00eda como el de hoy, fresco, el aire acondicionado est\u00e9 funcionando. Estos defectos en los ajustes de la climatizaci\u00f3n suponen un riesgo importante para la salud, continuado en el tiempo, por lo que en ese mismo mensaje les hemos instado a aplicar medidas preventivas inmediatas que solucionen estos problemas.<\/span><\/p>\n<p class=\"Standard\" style=\"text-align: justify\"><span style=\"font-weight: 400\">En la tarde de hoy han venido del servicio de prevenci\u00f3n para hacer una pre-evaluaci\u00f3n de la climatizaci\u00f3n, en la que hemos estado presentes, realizando varias mediciones tanto de la temperatura como del caudal del aire. En principio todas las mediciones est\u00e1n dentro de los est\u00e1ndares marcados en las normas pero les hemos hecho notar que el aire incide directamente sobre los puestos de trabajo y se nota en la salud de l@s trabajador@s, como han podido comprobar al sentarse directamente en los puestos o al ver a compa\u00f1er@s con cazadoras y sudaderas.<\/span><\/p>\n<h4><span style=\"color: #ff0000\">No quedar\u00e1 otra salida<\/span><\/h4>\n<p>En caso de que no se planteen esas soluciones que reclamamos acudiremos sin dudar a la Inspecci\u00f3n de Trabajo para que sean ellos quienes determinen qu\u00e9 medidas deben aplicarse para solucionar todos los problemas en lo relativo a la Prevenci\u00f3n.<\/p>\n<p>Vuestra salud est\u00e1 en riesgo y ya es momento de aplicar soluciones sin m\u00e1s demoras.<\/p>\n<p>Como ya dijimos en su momento la paciencia y la colaboraci\u00f3n tienen un l\u00edmite y se ha sobrepasado.<\/p>\n<p>[\/fusion_text][\/fusion_builder_column][\/fusion_builder_row][\/fusion_builder_container]    \t<\/p>\n","protected":false},"excerpt":{"rendered":"<p>[fusion_builder_container hundred_percent=\u00bbno\u00bb equal_height_columns=\u00bbno\u00bb menu_anchor=\u00bb\u00bb hide_on_mobile=\u00bbsmall-visibility,medium-visibility,large-visibility\u00bb class=\u00bb\u00bb id=\u00bb\u00bb background_color=\u00bb\u00bb background_image=\u00bb\u00bb background_position=\u00bbcenter center\u00bb background_repeat=\u00bbno-repeat\u00bb fade=\u00bbno\u00bb background_parallax=\u00bbnone\u00bb parallax_speed=\u00bb0.3&#8243; video_mp4=\u00bb\u00bb video_webm=\u00bb\u00bb video_ogv=\u00bb\u00bb video_url=\u00bb\u00bb video_aspect_ratio=\u00bb16:9&#8243; video_loop=\u00bbyes\u00bb video_mute=\u00bbyes\u00bb overlay_color=\u00bb\u00bb video_preview_image=\u00bb\u00bb border_size=\u00bb\u00bb border_color=\u00bb\u00bb border_style=\u00bbsolid\u00bb padding_top=\u00bb\u00bb padding_bottom=\u00bb\u00bb padding_left=\u00bb\u00bb &#8230; <a title=\"\u00bfQu\u00e9 ocurre con la climatizaci\u00f3n en Special Tours?\" class=\"read-more\" href=\"https:\/\/ccoo.app\/agencias\/que-ocurre-con-la-climatizacion-en-special-tours\/\" aria-label=\"Leer m\u00e1s sobre \u00bfQu\u00e9 ocurre con la climatizaci\u00f3n en Special Tours?\">Leer m\u00e1s<\/a><\/p>\n","protected":false},"author":5274,"featured_media":7345,"comment_status":"open","ping_status":"open","sticky":false,"template":"","format":"standard","meta":{"footnotes":""},"categories":[43],"tags":[],"class_list":["post-7338","post","type-post","status-publish","format-standard","has-post-thumbnail","hentry","category-special-tours","generate-columns","tablet-grid-50","mobile-grid-100","grid-parent","grid-33"],"_links":{"self":[{"href":"https:\/\/ccoo.app\/agencias\/wp-json\/wp\/v2\/posts\/7338","targetHints":{"allow":["GET"]}}],"collection":[{"href":"https:\/\/ccoo.app\/agencias\/wp-json\/wp\/v2\/posts"}],"about":[{"href":"https:\/\/ccoo.app\/agencias\/wp-json\/wp\/v2\/types\/post"}],"author":[{"embeddable":true,"href":"https:\/\/ccoo.app\/agencias\/wp-json\/wp\/v2\/users\/5274"}],"replies":[{"embeddable":true,"href":"https:\/\/ccoo.app\/agencias\/wp-json\/wp\/v2\/comments?post=7338"}],"version-history":[{"count":0,"href":"https:\/\/ccoo.app\/agencias\/wp-json\/wp\/v2\/posts\/7338\/revisions"}],"wp:featuredmedia":[{"embeddable":true,"href":"https:\/\/ccoo.app\/agencias\/wp-json\/wp\/v2\/media\/7345"}],"wp:attachment":[{"href":"https:\/\/ccoo.app\/agencias\/wp-json\/wp\/v2\/media?parent=7338"}],"wp:term":[{"taxonomy":"category","embeddable":true,"href":"https:\/\/ccoo.app\/agencias\/wp-json\/wp\/v2\/categories?post=7338"},{"taxonomy":"post_tag","embeddable":true,"href":"https:\/\/ccoo.app\/agencias\/wp-json\/wp\/v2\/tags?post=7338"}],"curies":[{"name":"wp","href":"https:\/\/api.w.org\/{rel}","templated":true}]}}