{"id":7202,"date":"2018-03-26T14:00:03","date_gmt":"2018-03-26T12:00:03","guid":{"rendered":"http:\/\/ccooagencias.org\/?p=7202"},"modified":"2018-03-26T14:00:03","modified_gmt":"2018-03-26T12:00:03","slug":"elecciones-costa-cruceros","status":"publish","type":"post","link":"https:\/\/ccoo.app\/agencias\/elecciones-costa-cruceros\/","title":{"rendered":"Sorpasso en elecciones sindicales de Costa Cruceros"},"content":{"rendered":"<p>[fusion_builder_container hundred_percent=\u00bbno\u00bb equal_height_columns=\u00bbno\u00bb menu_anchor=\u00bb\u00bb hide_on_mobile=\u00bbsmall-visibility,medium-visibility,large-visibility\u00bb class=\u00bb\u00bb id=\u00bb\u00bb background_color=\u00bb\u00bb background_image=\u00bb\u00bb background_position=\u00bbcenter center\u00bb background_repeat=\u00bbno-repeat\u00bb fade=\u00bbno\u00bb background_parallax=\u00bbnone\u00bb parallax_speed=\u00bb0.3&#8243; video_mp4=\u00bb\u00bb video_webm=\u00bb\u00bb video_ogv=\u00bb\u00bb video_url=\u00bb\u00bb video_aspect_ratio=\u00bb16:9&#8243; video_loop=\u00bbyes\u00bb video_mute=\u00bbyes\u00bb overlay_color=\u00bb\u00bb video_preview_image=\u00bb\u00bb border_size=\u00bb\u00bb border_color=\u00bb\u00bb border_style=\u00bbsolid\u00bb padding_top=\u00bb\u00bb padding_bottom=\u00bb\u00bb padding_left=\u00bb\u00bb padding_right=\u00bb\u00bb][fusion_builder_row][fusion_builder_column type=\u00bb1_1&#8243; layout=\u00bb1_1&#8243; background_position=\u00bbleft top\u00bb background_color=\u00bb\u00bb border_size=\u00bb\u00bb border_color=\u00bb\u00bb border_style=\u00bbsolid\u00bb border_position=\u00bball\u00bb spacing=\u00bbyes\u00bb background_image=\u00bb\u00bb background_repeat=\u00bbno-repeat\u00bb padding_top=\u00bb\u00bb padding_right=\u00bb\u00bb padding_bottom=\u00bb\u00bb padding_left=\u00bb\u00bb margin_top=\u00bb0px\u00bb margin_bottom=\u00bb0px\u00bb class=\u00bb\u00bb id=\u00bb\u00bb animation_type=\u00bb\u00bb animation_speed=\u00bb0.3&#8243; animation_direction=\u00bbleft\u00bb hide_on_mobile=\u00bbsmall-visibility,medium-visibility,large-visibility\u00bb center_content=\u00bbno\u00bb last=\u00bbno\u00bb min_height=\u00bb\u00bb hover_type=\u00bbnone\u00bb link=\u00bb\u00bb][fusion_text]<\/p>\n<p class=\"Standard\" style=\"text-align: justify\">El pasado 15 de marzo se celebraron elecciones sindicales en Costa Cruceros (Barcelona) para elegir la representaci\u00f3n sindical que ejercer\u00e1 durante los pr\u00f3ximos cuatro a\u00f1os.<\/p>\n<p class=\"Standard\" style=\"text-align: justify\">Hasta entonces, la representaci\u00f3n sindical de CCOO ejerc\u00eda en minor\u00eda, ya que, de tres delegados de personal que han ejercido durante esta primera candidatura en Costa Cruceros, uno era de CCOO y dos de SPV.<\/p>\n<p>[\/fusion_text][\/fusion_builder_column][\/fusion_builder_row][\/fusion_builder_container][fusion_builder_container hundred_percent=\u00bbyes\u00bb overflow=\u00bbvisible\u00bb margin_top=\u00bb5px\u00bb margin_bottom=\u00bb\u00bb][fusion_builder_row][fusion_builder_column type=\u00bb1_1&#8243; layout=\u00bb1_1&#8243; background_position=\u00bbleft top\u00bb background_color=\u00bb\u00bb border_size=\u00bb\u00bb border_color=\u00bb\u00bb border_style=\u00bbsolid\u00bb spacing=\u00bbyes\u00bb background_image=\u00bb\u00bb background_repeat=\u00bbno-repeat\u00bb padding_top=\u00bb\u00bb padding_right=\u00bb\u00bb padding_bottom=\u00bb\u00bb padding_left=\u00bb\u00bb margin_top=\u00bb0px\u00bb margin_bottom=\u00bb0px\u00bb class=\u00bb\u00bb id=\u00bb\u00bb animation_type=\u00bb\u00bb animation_speed=\u00bb0.3&#8243; animation_direction=\u00bbleft\u00bb hide_on_mobile=\u00bbno\u00bb center_content=\u00bbno\u00bb min_height=\u00bbnone\u00bb last=\u00bbno\u00bb hover_type=\u00bbnone\u00bb link=\u00bb\u00bb border_position=\u00bball\u00bb][fusion_separator style_type=\u00bbnone\u00bb sep_color=\u00bb\u00bb border_size=\u00bb\u00bb icon=\u00bb\u00bb icon_circle=\u00bb\u00bb icon_circle_color=\u00bb\u00bb width=\u00bb\u00bb alignment=\u00bbcenter\u00bb class=\u00bb\u00bb id=\u00bb\u00bb \/][fusion_text]<\/p>\n<blockquote>\n<p class=\"Standard\" style=\"text-align: justify\">\u00abTras un per\u00edodo de 4 a\u00f1os de lucha sindical casi en solitario debido a la diferencia de criterio existente entre los dos grupos sindicales (CCOO y SPV), la representaci\u00f3n sindical de CCOO asume la mayor\u00eda.\u00bb<\/p>\n<\/blockquote>\n<p>[\/fusion_text][\/fusion_builder_column][\/fusion_builder_row][\/fusion_builder_container][fusion_builder_container hundred_percent=\u00bbyes\u00bb overflow=\u00bbvisible\u00bb margin_top=\u00bb20px\u00bb margin_bottom=\u00bb\u00bb][fusion_builder_row][fusion_builder_column type=\u00bb1_1&#8243; layout=\u00bb1_1&#8243; background_position=\u00bbleft top\u00bb background_color=\u00bb\u00bb border_size=\u00bb\u00bb border_color=\u00bb\u00bb border_style=\u00bbsolid\u00bb spacing=\u00bbyes\u00bb background_image=\u00bb\u00bb background_repeat=\u00bbno-repeat\u00bb padding_top=\u00bb\u00bb padding_right=\u00bb\u00bb padding_bottom=\u00bb\u00bb padding_left=\u00bb\u00bb margin_top=\u00bb0px\u00bb margin_bottom=\u00bb0px\u00bb class=\u00bb\u00bb id=\u00bb\u00bb animation_type=\u00bb\u00bb animation_speed=\u00bb0.3&#8243; animation_direction=\u00bbleft\u00bb hide_on_mobile=\u00bbno\u00bb center_content=\u00bbno\u00bb min_height=\u00bbnone\u00bb last=\u00bbno\u00bb hover_type=\u00bbnone\u00bb link=\u00bb\u00bb border_position=\u00bball\u00bb][fusion_separator style_type=\u00bbnone\u00bb sep_color=\u00bb\u00bb border_size=\u00bb\u00bb icon=\u00bb\u00bb icon_circle=\u00bb\u00bb icon_circle_color=\u00bb\u00bb width=\u00bb\u00bb alignment=\u00bbcenter\u00bb class=\u00bb\u00bb id=\u00bb\u00bb \/][fusion_text]<\/p>\n<h3>Un desaf\u00edo de futuro<\/h3>\n<p class=\"Standard\" style=\"text-align: justify\">El objetivo de convocar estas elecciones por parte de la representaci\u00f3n sindical de CCOO es dar la posibilidad a todos de votar y en consecuencia, elegir, ya que, desde el pasado mes de diciembre 2017 estaba abierto el plazo para que cualquier delegado convocara estas elecciones.<\/p>\n<p class=\"Standard\" style=\"text-align: justify\">L@s delegad@s de personal elegid@s no pueden ni deben utilizar el \u201cpoder\u201d depositado en ellos para sus propios intereses, ni para beneficiar a un grupo en detrimento de otros. Este principio fundamental de la democracia es uno de los m\u00e1s vapuleados y olvidados en ocasiones por parte de algunos representantes sindicales.<\/p>\n<p class=\"Standard\" style=\"text-align: justify\">La experiencia demuestra que frecuentemente, se olvida el Bien Com\u00fan y se \u201cgobierna\u201d muchas veces a espaldas de los intereses de las mayor\u00edas que con su voto depositaron su peque\u00f1a parcela de soberan\u00eda en las personas de turno, circunstancia que hace que compa\u00f1eros experimenten una desagradable sensaci\u00f3n de frustraci\u00f3n.<\/p>\n<p class=\"Standard\" style=\"text-align: justify\">La frustraci\u00f3n por parte del colectivo hace que se produzca un descr\u00e9dito importante del significado de la representaci\u00f3n sindical.<\/p>\n<p class=\"Standard\" style=\"text-align: justify\">No debemos olvidar que son los trabajadores los que eligen a sus representantes sindicales y esto nos debe obligar a ejercer dicha representaci\u00f3n con tino y seriedad.<br \/> El voto no es un acto banal, todo lo contrario. Es un acto democr\u00e1tico que compromete a todos durante cuatro a\u00f1os. Somos pues responsables y propietarios de esa peque\u00f1a parcela de soberan\u00eda y democracia llamada \u201cvoto\u201d. En \u00e9l reside nuestra libertad, nuestro futuro y nuestra lucha por conseguir mejoras.<\/p>\n<p class=\"Standard\" style=\"text-align: justify\">Los delegados de personal tienen la obligaci\u00f3n moral de respetar unos principios \u00e9ticos que favorezcan la lucha en beneficio y mejora del colectivo.<\/p>\n<h3><span style=\"color: #000000\">Gracias por la confianza otorgada<\/span><\/h3>\n<p class=\"Standard\" style=\"text-align: justify\">Tras un per\u00edodo de 4 a\u00f1os de lucha sindical casi en solitario debido a la diferencia de criterio existente entre los dos grupos sindicales (CCOO y SPV), la representaci\u00f3n sindical de CCOO toma la determinaci\u00f3n de convocar elecciones antes de agotar el per\u00edodo de mandato de los 4 a\u00f1os.<\/p>\n<p class=\"Standard\" style=\"text-align: justify\">Los resultados de dichas elecciones son un claro reflejo del trabajo sindical realizado por esta representaci\u00f3n durante el ciclo anterior, ya que, de un solo delegado de personal, hemos pasado a tener dos delegados: los dos que se han presentado para estas recientes elecciones.<\/p>\n<p class=\"Standard\" style=\"text-align: justify\">Cuatro a\u00f1os dan para mucho y es un espacio de tiempo suficiente como para que cada compa\u00f1er@ saque sus propias conclusiones de lo que desea tener como representaci\u00f3n sindical.<\/p>\n<p class=\"Standard\" style=\"text-align: justify\">De las elecciones y su resultado, quisiera destacar la gran participaci\u00f3n por parte de todos. De 34 trabajador@s que completaban el censo de la oficia de Barcelona, hemos votado 31 trabajador@s. Desde la oportunidad que me brinda este art\u00edculo, gracias a tod@s por vuestra implicaci\u00f3n e inter\u00e9s.<\/p>\n<p class=\"Standard\" style=\"text-align: justify\">Una vez constituida la nueva representaci\u00f3n sindical, nuestro objetivo prioritario es conocer las inquietudes, propuesta de mejoras o cuestiones de tod@s para trasladarlas a la direcci\u00f3n de la empresa.<\/p>\n<p class=\"Standard\" style=\"text-align: justify\">\u00a1Gracias a todos por la confianza otorgada!<\/p>\n<p>[\/fusion_text][\/fusion_builder_column][\/fusion_builder_row][\/fusion_builder_container]    \t<\/p>\n","protected":false},"excerpt":{"rendered":"<p>[fusion_builder_container hundred_percent=\u00bbno\u00bb equal_height_columns=\u00bbno\u00bb menu_anchor=\u00bb\u00bb hide_on_mobile=\u00bbsmall-visibility,medium-visibility,large-visibility\u00bb class=\u00bb\u00bb id=\u00bb\u00bb background_color=\u00bb\u00bb background_image=\u00bb\u00bb background_position=\u00bbcenter center\u00bb background_repeat=\u00bbno-repeat\u00bb fade=\u00bbno\u00bb background_parallax=\u00bbnone\u00bb parallax_speed=\u00bb0.3&#8243; video_mp4=\u00bb\u00bb video_webm=\u00bb\u00bb video_ogv=\u00bb\u00bb video_url=\u00bb\u00bb video_aspect_ratio=\u00bb16:9&#8243; video_loop=\u00bbyes\u00bb video_mute=\u00bbyes\u00bb overlay_color=\u00bb\u00bb video_preview_image=\u00bb\u00bb border_size=\u00bb\u00bb border_color=\u00bb\u00bb border_style=\u00bbsolid\u00bb padding_top=\u00bb\u00bb padding_bottom=\u00bb\u00bb padding_left=\u00bb\u00bb &#8230; <a title=\"Sorpasso en elecciones sindicales de Costa Cruceros\" class=\"read-more\" href=\"https:\/\/ccoo.app\/agencias\/elecciones-costa-cruceros\/\" aria-label=\"Leer m\u00e1s sobre Sorpasso en elecciones sindicales de Costa Cruceros\">Leer m\u00e1s<\/a><\/p>\n","protected":false},"author":5274,"featured_media":7203,"comment_status":"open","ping_status":"open","sticky":false,"template":"","format":"standard","meta":{"footnotes":""},"categories":[22],"tags":[],"class_list":["post-7202","post","type-post","status-publish","format-standard","has-post-thumbnail","hentry","category-costa-cruceros","generate-columns","tablet-grid-50","mobile-grid-100","grid-parent","grid-33"],"_links":{"self":[{"href":"https:\/\/ccoo.app\/agencias\/wp-json\/wp\/v2\/posts\/7202","targetHints":{"allow":["GET"]}}],"collection":[{"href":"https:\/\/ccoo.app\/agencias\/wp-json\/wp\/v2\/posts"}],"about":[{"href":"https:\/\/ccoo.app\/agencias\/wp-json\/wp\/v2\/types\/post"}],"author":[{"embeddable":true,"href":"https:\/\/ccoo.app\/agencias\/wp-json\/wp\/v2\/users\/5274"}],"replies":[{"embeddable":true,"href":"https:\/\/ccoo.app\/agencias\/wp-json\/wp\/v2\/comments?post=7202"}],"version-history":[{"count":0,"href":"https:\/\/ccoo.app\/agencias\/wp-json\/wp\/v2\/posts\/7202\/revisions"}],"wp:featuredmedia":[{"embeddable":true,"href":"https:\/\/ccoo.app\/agencias\/wp-json\/wp\/v2\/media\/7203"}],"wp:attachment":[{"href":"https:\/\/ccoo.app\/agencias\/wp-json\/wp\/v2\/media?parent=7202"}],"wp:term":[{"taxonomy":"category","embeddable":true,"href":"https:\/\/ccoo.app\/agencias\/wp-json\/wp\/v2\/categories?post=7202"},{"taxonomy":"post_tag","embeddable":true,"href":"https:\/\/ccoo.app\/agencias\/wp-json\/wp\/v2\/tags?post=7202"}],"curies":[{"name":"wp","href":"https:\/\/api.w.org\/{rel}","templated":true}]}}