{"id":7155,"date":"2018-02-22T02:23:26","date_gmt":"2018-02-22T01:23:26","guid":{"rendered":"http:\/\/ccooagencias.org\/?p=7155"},"modified":"2018-02-22T02:23:26","modified_gmt":"2018-02-22T01:23:26","slug":"edreams-madrid-comite","status":"publish","type":"post","link":"https:\/\/ccoo.app\/agencias\/edreams-madrid-comite\/","title":{"rendered":"eDreams Madrid ya tiene comit\u00e9"},"content":{"rendered":"<p>[fusion_builder_container hundred_percent=\u00bbno\u00bb equal_height_columns=\u00bbno\u00bb menu_anchor=\u00bb\u00bb hide_on_mobile=\u00bbsmall-visibility,medium-visibility,large-visibility\u00bb class=\u00bb\u00bb id=\u00bb\u00bb background_color=\u00bb\u00bb background_image=\u00bb\u00bb background_position=\u00bbcenter center\u00bb background_repeat=\u00bbno-repeat\u00bb fade=\u00bbno\u00bb background_parallax=\u00bbnone\u00bb parallax_speed=\u00bb0.3&#8243; video_mp4=\u00bb\u00bb video_webm=\u00bb\u00bb video_ogv=\u00bb\u00bb video_url=\u00bb\u00bb video_aspect_ratio=\u00bb16:9&#8243; video_loop=\u00bbyes\u00bb video_mute=\u00bbyes\u00bb overlay_color=\u00bb\u00bb video_preview_image=\u00bb\u00bb border_size=\u00bb\u00bb border_color=\u00bb\u00bb border_style=\u00bbsolid\u00bb padding_top=\u00bb\u00bb padding_bottom=\u00bb\u00bb padding_left=\u00bb\u00bb padding_right=\u00bb\u00bb][fusion_builder_row][fusion_builder_column type=\u00bb1_1&#8243; layout=\u00bb1_1&#8243; background_position=\u00bbleft top\u00bb background_color=\u00bb\u00bb border_size=\u00bb\u00bb border_color=\u00bb\u00bb border_style=\u00bbsolid\u00bb border_position=\u00bball\u00bb spacing=\u00bbyes\u00bb background_image=\u00bb\u00bb background_repeat=\u00bbno-repeat\u00bb padding_top=\u00bb\u00bb padding_right=\u00bb\u00bb padding_bottom=\u00bb\u00bb padding_left=\u00bb\u00bb margin_top=\u00bb0px\u00bb margin_bottom=\u00bb0px\u00bb class=\u00bb\u00bb id=\u00bb\u00bb animation_type=\u00bb\u00bb animation_speed=\u00bb0.3&#8243; animation_direction=\u00bbleft\u00bb hide_on_mobile=\u00bbsmall-visibility,medium-visibility,large-visibility\u00bb center_content=\u00bbno\u00bb last=\u00bbno\u00bb min_height=\u00bb\u00bb hover_type=\u00bbnone\u00bb link=\u00bb\u00bb][fusion_text]<\/p>\n<p><p style=\"text-align: justify\">El pasado 1 de febrero de 2018 se constituy\u00f3 por primera vez el Comit\u00e9 de Empresa de <em>Edreams International Network<\/em> en el centro de trabajo de Madrid.<\/p>\n<p>[\/fusion_text][\/fusion_builder_column][\/fusion_builder_row][\/fusion_builder_container][fusion_builder_container hundred_percent=\u00bbyes\u00bb overflow=\u00bbvisible\u00bb margin_top=\u00bb5px\u00bb margin_bottom=\u00bb\u00bb][fusion_builder_row][fusion_builder_column type=\u00bb1_1&#8243; layout=\u00bb1_1&#8243; background_position=\u00bbleft top\u00bb background_color=\u00bb\u00bb border_size=\u00bb\u00bb border_color=\u00bb\u00bb border_style=\u00bbsolid\u00bb spacing=\u00bbyes\u00bb background_image=\u00bb\u00bb background_repeat=\u00bbno-repeat\u00bb padding_top=\u00bb\u00bb padding_right=\u00bb\u00bb padding_bottom=\u00bb\u00bb padding_left=\u00bb\u00bb margin_top=\u00bb0px\u00bb margin_bottom=\u00bb0px\u00bb class=\u00bb\u00bb id=\u00bb\u00bb animation_type=\u00bb\u00bb animation_speed=\u00bb0.3&#8243; animation_direction=\u00bbleft\u00bb hide_on_mobile=\u00bbno\u00bb center_content=\u00bbno\u00bb min_height=\u00bbnone\u00bb last=\u00bbno\u00bb hover_type=\u00bbnone\u00bb link=\u00bb\u00bb border_position=\u00bball\u00bb][fusion_separator style_type=\u00bbnone\u00bb sep_color=\u00bb\u00bb border_size=\u00bb\u00bb icon=\u00bb\u00bb icon_circle=\u00bb\u00bb icon_circle_color=\u00bb\u00bb width=\u00bb\u00bb alignment=\u00bbcenter\u00bb class=\u00bb\u00bb id=\u00bb\u00bb \/][fusion_text]<\/p>\n<blockquote>\n<p>\u00abSe constituye el primer comit\u00e9 de eDreams Madrid, tras un proceso electoral con un 90% de participaci\u00f3n de la plantilla\u00bb<\/p>\n<\/blockquote>\n<p>[\/fusion_text][\/fusion_builder_column][\/fusion_builder_row][\/fusion_builder_container][fusion_builder_container hundred_percent=\u00bbyes\u00bb overflow=\u00bbvisible\u00bb margin_top=\u00bb20px\u00bb margin_bottom=\u00bb\u00bb][fusion_builder_row][fusion_builder_column type=\u00bb1_1&#8243; layout=\u00bb1_1&#8243; background_position=\u00bbleft top\u00bb background_color=\u00bb\u00bb border_size=\u00bb\u00bb border_color=\u00bb\u00bb border_style=\u00bbsolid\u00bb spacing=\u00bbyes\u00bb background_image=\u00bb\u00bb background_repeat=\u00bbno-repeat\u00bb padding_top=\u00bb\u00bb padding_right=\u00bb\u00bb padding_bottom=\u00bb\u00bb padding_left=\u00bb\u00bb margin_top=\u00bb0px\u00bb margin_bottom=\u00bb0px\u00bb class=\u00bb\u00bb id=\u00bb\u00bb animation_type=\u00bb\u00bb animation_speed=\u00bb0.3&#8243; animation_direction=\u00bbleft\u00bb hide_on_mobile=\u00bbno\u00bb center_content=\u00bbno\u00bb min_height=\u00bbnone\u00bb last=\u00bbno\u00bb hover_type=\u00bbnone\u00bb link=\u00bb\u00bb border_position=\u00bball\u00bb][fusion_separator style_type=\u00bbnone\u00bb sep_color=\u00bb\u00bb border_size=\u00bb\u00bb icon=\u00bb\u00bb icon_circle=\u00bb\u00bb icon_circle_color=\u00bb\u00bb width=\u00bb\u00bb alignment=\u00bbcenter\u00bb class=\u00bb\u00bb id=\u00bb\u00bb \/][fusion_text]<\/p>\n<p><p style=\"text-align: justify\">El nuevo Comit\u00e9 quiere agradecer a los trabajadores de Madrid su apoyo a la constituci\u00f3n de este Comit\u00e9 que se materializ\u00f3 en una participaci\u00f3n masiva en las elecciones sindicales del 17 de enero, emitiendo <strong>64 votos v\u00e1lidos de los 72 del censo<\/strong>.<\/p>\n<h3>Los primeros pasos<\/h3>\n<p><p style=\"text-align: justify\">La confianza depositada en el Comit\u00e9 supone para nosotros una gran responsabilidad a la vez que nos brinda el impulso para sacar el trabajo adelante.<\/p>\n<p><p style=\"text-align: justify\">Las primeras tareas que abordaremos ser\u00e1n las de formaci\u00f3n de nuestros miembros, la elaboraci\u00f3n de una correcta pol\u00edtica de comunicaci\u00f3n con todos los compa\u00f1eros y comenzar a trabajar hacia la soluci\u00f3n de los problemas mas urgentes en nuestra oficina como pueden ser los adeudos en concepto de cuatrienios que la empresa mantiene con algunos compa\u00f1eros o las dificultades para contactar con el departamento de Recursos Humanos.<\/p>\n<h4>Nuestro contacto<\/h4>\n<p><p style=\"text-align: justify\">Cualquier consulta que quer\u00e1is hacer pod\u00e9is contactar con el Comit\u00e9 en a trav\u00e9s de nuestro correo:<\/p>\n<p><strong>comite.ein.madrid@gmail.com<\/strong><\/p>\n<p>[\/fusion_text][\/fusion_builder_column][\/fusion_builder_row][\/fusion_builder_container]    \t<\/p>\n","protected":false},"excerpt":{"rendered":"<p>Se constituye el primer comit\u00e9 de eDreams Madrid, con retos y desaf\u00edos por delante, y con la participaci\u00f3n de m\u00e1s de 90% de compa\u00f1eras y compa\u00f1eros en las elecciones sindicales.<\/p>\n","protected":false},"author":5274,"featured_media":7156,"comment_status":"open","ping_status":"open","sticky":false,"template":"","format":"standard","meta":{"footnotes":""},"categories":[24],"tags":[],"class_list":["post-7155","post","type-post","status-publish","format-standard","has-post-thumbnail","hentry","category-edreams-madrid","generate-columns","tablet-grid-50","mobile-grid-100","grid-parent","grid-33"],"_links":{"self":[{"href":"https:\/\/ccoo.app\/agencias\/wp-json\/wp\/v2\/posts\/7155","targetHints":{"allow":["GET"]}}],"collection":[{"href":"https:\/\/ccoo.app\/agencias\/wp-json\/wp\/v2\/posts"}],"about":[{"href":"https:\/\/ccoo.app\/agencias\/wp-json\/wp\/v2\/types\/post"}],"author":[{"embeddable":true,"href":"https:\/\/ccoo.app\/agencias\/wp-json\/wp\/v2\/users\/5274"}],"replies":[{"embeddable":true,"href":"https:\/\/ccoo.app\/agencias\/wp-json\/wp\/v2\/comments?post=7155"}],"version-history":[{"count":0,"href":"https:\/\/ccoo.app\/agencias\/wp-json\/wp\/v2\/posts\/7155\/revisions"}],"wp:featuredmedia":[{"embeddable":true,"href":"https:\/\/ccoo.app\/agencias\/wp-json\/wp\/v2\/media\/7156"}],"wp:attachment":[{"href":"https:\/\/ccoo.app\/agencias\/wp-json\/wp\/v2\/media?parent=7155"}],"wp:term":[{"taxonomy":"category","embeddable":true,"href":"https:\/\/ccoo.app\/agencias\/wp-json\/wp\/v2\/categories?post=7155"},{"taxonomy":"post_tag","embeddable":true,"href":"https:\/\/ccoo.app\/agencias\/wp-json\/wp\/v2\/tags?post=7155"}],"curies":[{"name":"wp","href":"https:\/\/api.w.org\/{rel}","templated":true}]}}