{"id":6845,"date":"2017-10-15T23:30:25","date_gmt":"2017-10-15T21:30:25","guid":{"rendered":"http:\/\/ccooagencias.org\/?p=6845"},"modified":"2017-10-15T23:30:25","modified_gmt":"2017-10-15T21:30:25","slug":"campana-concienciacion-limpieza","status":"publish","type":"post","link":"https:\/\/ccoo.app\/agencias\/campana-concienciacion-limpieza\/","title":{"rendered":"Campa\u00f1a concienciaci\u00f3n limpieza en eDreams"},"content":{"rendered":"<p>[fusion_builder_container hundred_percent=\u00bbno\u00bb equal_height_columns=\u00bbno\u00bb menu_anchor=\u00bb\u00bb hide_on_mobile=\u00bbsmall-visibility,medium-visibility,large-visibility\u00bb class=\u00bb\u00bb id=\u00bb\u00bb background_color=\u00bb\u00bb background_image=\u00bb\u00bb background_position=\u00bbcenter center\u00bb background_repeat=\u00bbno-repeat\u00bb fade=\u00bbno\u00bb background_parallax=\u00bbnone\u00bb parallax_speed=\u00bb0.3&#8243; video_mp4=\u00bb\u00bb video_webm=\u00bb\u00bb video_ogv=\u00bb\u00bb video_url=\u00bb\u00bb video_aspect_ratio=\u00bb16:9&#8243; video_loop=\u00bbyes\u00bb video_mute=\u00bbyes\u00bb overlay_color=\u00bb\u00bb video_preview_image=\u00bb\u00bb border_size=\u00bb\u00bb border_color=\u00bb\u00bb border_style=\u00bbsolid\u00bb padding_top=\u00bb\u00bb padding_bottom=\u00bb\u00bb padding_left=\u00bb\u00bb padding_right=\u00bb\u00bb][fusion_builder_row][fusion_builder_column type=\u00bb1_1&#8243; layout=\u00bb1_1&#8243; background_position=\u00bbleft top\u00bb background_color=\u00bb\u00bb border_size=\u00bb\u00bb border_color=\u00bb\u00bb border_style=\u00bbsolid\u00bb border_position=\u00bball\u00bb spacing=\u00bbyes\u00bb background_image=\u00bb\u00bb background_repeat=\u00bbno-repeat\u00bb padding=\u00bb\u00bb margin_top=\u00bb0px\u00bb margin_bottom=\u00bb0px\u00bb class=\u00bb\u00bb id=\u00bb\u00bb animation_type=\u00bb\u00bb animation_speed=\u00bb0.3&#8243; animation_direction=\u00bbleft\u00bb hide_on_mobile=\u00bbsmall-visibility,medium-visibility,large-visibility\u00bb center_content=\u00bbno\u00bb last=\u00bbno\u00bb min_height=\u00bb\u00bb hover_type=\u00bbnone\u00bb link=\u00bb\u00bb][fusion_text]<\/p>\n<h3>CCOO crea una campa\u00f1a de concienciaci\u00f3n para la limpieza lavabos<\/h3>\n<p style=\"text-align: justify\">Habr\u00e9is podido ver desde hace unas semanas en los ba\u00f1os carteles en los que se nos invita a cuidar la limpieza de las instalaciones comunes, en concreto, los ba\u00f1os. Este es un lugar necesario y relacionado con nuestra higiene, por lo que es totalmente imprescindible que est\u00e9 limpio, por nuestra propia salud.<\/p>\n<p style=\"text-align: justify\">Esta campa\u00f1a se debe a que \u00faltimamente los ba\u00f1os se encuentran muy a menudo en un estado lamentable. Parece que la empresa, aunque no lo haya reconocido abiertamente, ha recortado el presupuesto en limpieza, puesto que desde hace unos meses las instalaciones parecen m\u00e1s dejadas en este sentido. Por otra parte, debemos tener en cuenta que est\u00e1 habiendo m\u00e1s incorporaciones, aunque despu\u00e9s no se queden mucho tiempo, \u00a0por lo que es normal que las instalaciones se ensucien m\u00e1s.<\/p>\n<p>[\/fusion_text][\/fusion_builder_column][\/fusion_builder_row][\/fusion_builder_container][fusion_builder_container hundred_percent=\u00bbyes\u00bb overflow=\u00bbvisible\u00bb margin_top=\u00bb5px\u00bb margin_bottom=\u00bb\u00bb][fusion_builder_row][fusion_builder_column type=\u00bb1_1&#8243; layout=\u00bb1_1&#8243; background_position=\u00bbleft top\u00bb background_color=\u00bb\u00bb border_size=\u00bb\u00bb border_color=\u00bb\u00bb border_style=\u00bbsolid\u00bb spacing=\u00bbyes\u00bb background_image=\u00bb\u00bb background_repeat=\u00bbno-repeat\u00bb padding=\u00bb\u00bb margin_top=\u00bb0px\u00bb margin_bottom=\u00bb0px\u00bb class=\u00bb\u00bb id=\u00bb\u00bb animation_type=\u00bb\u00bb animation_speed=\u00bb0.3&#8243; animation_direction=\u00bbleft\u00bb hide_on_mobile=\u00bbno\u00bb center_content=\u00bbno\u00bb min_height=\u00bbnone\u00bb last=\u00bbno\u00bb hover_type=\u00bbnone\u00bb link=\u00bb\u00bb border_position=\u00bball\u00bb][fusion_separator style_type=\u00bbnone\u00bb sep_color=\u00bb\u00bb border_size=\u00bb\u00bb icon=\u00bb\u00bb icon_circle=\u00bb\u00bb icon_circle_color=\u00bb\u00bb width=\u00bb\u00bb alignment=\u00bbcenter\u00bb class=\u00bb\u00bb id=\u00bb\u00bb \/][fusion_text]<\/p>\n<blockquote><p>\u00ab<em>Depende de cada persona, compa\u00f1ero o compa\u00f1era de trabajo, poner de su parte para mantener los espacios comunes limpios y ordenados.<\/em>\u00ab<\/p><\/blockquote>\n<p>[\/fusion_text][\/fusion_builder_column][\/fusion_builder_row][\/fusion_builder_container][fusion_builder_container hundred_percent=\u00bbyes\u00bb overflow=\u00bbvisible\u00bb margin_top=\u00bb20px\u00bb margin_bottom=\u00bb\u00bb][fusion_builder_row][fusion_builder_column type=\u00bb1_1&#8243; layout=\u00bb1_1&#8243; background_position=\u00bbleft top\u00bb background_color=\u00bb\u00bb border_size=\u00bb\u00bb border_color=\u00bb\u00bb border_style=\u00bbsolid\u00bb spacing=\u00bbyes\u00bb background_image=\u00bb\u00bb background_repeat=\u00bbno-repeat\u00bb padding=\u00bb\u00bb margin_top=\u00bb0px\u00bb margin_bottom=\u00bb0px\u00bb class=\u00bb\u00bb id=\u00bb\u00bb animation_type=\u00bb\u00bb animation_speed=\u00bb0.3&#8243; animation_direction=\u00bbleft\u00bb hide_on_mobile=\u00bbno\u00bb center_content=\u00bbno\u00bb min_height=\u00bbnone\u00bb last=\u00bbno\u00bb hover_type=\u00bbnone\u00bb link=\u00bb\u00bb border_position=\u00bball\u00bb][fusion_separator style_type=\u00bbnone\u00bb sep_color=\u00bb\u00bb border_size=\u00bb\u00bb icon=\u00bb\u00bb icon_circle=\u00bb\u00bb icon_circle_color=\u00bb\u00bb width=\u00bb\u00bb alignment=\u00bbcenter\u00bb class=\u00bb\u00bb id=\u00bb\u00bb \/][fusion_text]<\/p>\n<p style=\"text-align: justify\"><span style=\"font-weight: 400\"><strong>Jugamos un papel importante<\/strong><\/span><\/p>\n<p style=\"text-align: justify\">No obstante, dada la importancia del tema, creemos que nosotr@s, tod@s l@s trabajador@s, tambi\u00e9n jugamos un papel importante en la preservaci\u00f3n de la higiene en el trabajo, es una cuesti\u00f3n de respeto hacia tod@s aquell@s con los que compartimos tantas horas diarias. No cuesta nada dejar limpio el ba\u00f1o, los aleda\u00f1os a la maquina de caf\u00e9 o la mesa del comedor. Debemos pensar que recoger nuestros propios deshechos puede suponer invertir unos segundos de nuestro tiempo, sin embargo para los\/as trabajadores\/as de la limpieza, este tiempo hay que multiplicarlo por 300??? personas que trabajan en el edificio. De la misma manera que nos gusta que nuestros\/as compa\u00f1eros\/as dejen notas claras en UNO para facilitar la tarea al siguiente agente, nos gusta entrar al ba\u00f1o y no tener que ver las salpicaduras de otros en el inodoro (por no mencionar cosas m\u00e1s desagradables), la pica del ba\u00f1o llena de agua, trozos de papel fuera de la papelera, los vasos medio vac\u00edos en la m\u00e1quina del caf\u00e9, vertidos de leche y otros l\u00edquidos en el suelo junto a la m\u00e1quina o las migas del comensal anterior\u2026<\/p>\n<p>[\/fusion_text][fusion_gallery image_ids=\u00bb6847,6848,6849,6850,6851,6852,6853,6854,6855&#8243; layout=\u00bb\u00bb picture_size=\u00bb\u00bb columns=\u00bb\u00bb column_spacing=\u00bb10&#8243; hover_type=\u00bb\u00bb lightbox=\u00bb\u00bb lightbox_content=\u00bb\u00bb hide_on_mobile=\u00bbsmall-visibility,medium-visibility,large-visibility\u00bb class=\u00bb\u00bb id=\u00bb\u00bb \/][\/fusion_builder_column][\/fusion_builder_row][\/fusion_builder_container]    \t<\/p>\n","protected":false},"excerpt":{"rendered":"<p>Una campa\u00f1a con carteles y mensajes. Esta fue la manera de llamar la atenci\u00f3n para la limpieza de los lavabos, un esfuerzo que exige colaboraci\u00f3n de todas y todos para mantener los espacios limpios y ordenados.<\/p>\n","protected":false},"author":5274,"featured_media":6863,"comment_status":"open","ping_status":"open","sticky":false,"template":"","format":"standard","meta":{"footnotes":""},"categories":[44],"tags":[],"class_list":["post-6845","post","type-post","status-publish","format-standard","has-post-thumbnail","hentry","category-vacaciones-edreams","generate-columns","tablet-grid-50","mobile-grid-100","grid-parent","grid-33"],"_links":{"self":[{"href":"https:\/\/ccoo.app\/agencias\/wp-json\/wp\/v2\/posts\/6845","targetHints":{"allow":["GET"]}}],"collection":[{"href":"https:\/\/ccoo.app\/agencias\/wp-json\/wp\/v2\/posts"}],"about":[{"href":"https:\/\/ccoo.app\/agencias\/wp-json\/wp\/v2\/types\/post"}],"author":[{"embeddable":true,"href":"https:\/\/ccoo.app\/agencias\/wp-json\/wp\/v2\/users\/5274"}],"replies":[{"embeddable":true,"href":"https:\/\/ccoo.app\/agencias\/wp-json\/wp\/v2\/comments?post=6845"}],"version-history":[{"count":0,"href":"https:\/\/ccoo.app\/agencias\/wp-json\/wp\/v2\/posts\/6845\/revisions"}],"wp:featuredmedia":[{"embeddable":true,"href":"https:\/\/ccoo.app\/agencias\/wp-json\/wp\/v2\/media\/6863"}],"wp:attachment":[{"href":"https:\/\/ccoo.app\/agencias\/wp-json\/wp\/v2\/media?parent=6845"}],"wp:term":[{"taxonomy":"category","embeddable":true,"href":"https:\/\/ccoo.app\/agencias\/wp-json\/wp\/v2\/categories?post=6845"},{"taxonomy":"post_tag","embeddable":true,"href":"https:\/\/ccoo.app\/agencias\/wp-json\/wp\/v2\/tags?post=6845"}],"curies":[{"name":"wp","href":"https:\/\/api.w.org\/{rel}","templated":true}]}}