{"id":6760,"date":"2017-08-30T20:46:17","date_gmt":"2017-08-30T18:46:17","guid":{"rendered":"http:\/\/ccooagencias.org\/?p=6760"},"modified":"2017-08-30T20:46:17","modified_gmt":"2017-08-30T18:46:17","slug":"primeros-avances-special-tours","status":"publish","type":"post","link":"https:\/\/ccoo.app\/agencias\/primeros-avances-special-tours\/","title":{"rendered":"Primeros avances en Special Tours"},"content":{"rendered":"<p>[fusion_builder_container hundred_percent=\u00bbno\u00bb equal_height_columns=\u00bbno\u00bb menu_anchor=\u00bb\u00bb hide_on_mobile=\u00bbsmall-visibility,medium-visibility,large-visibility\u00bb class=\u00bb\u00bb id=\u00bb\u00bb background_color=\u00bb\u00bb background_image=\u00bb\u00bb background_position=\u00bbcenter center\u00bb background_repeat=\u00bbno-repeat\u00bb fade=\u00bbno\u00bb background_parallax=\u00bbnone\u00bb parallax_speed=\u00bb0.3&#8243; video_mp4=\u00bb\u00bb video_webm=\u00bb\u00bb video_ogv=\u00bb\u00bb video_url=\u00bb\u00bb video_aspect_ratio=\u00bb16:9&#8243; video_loop=\u00bbyes\u00bb video_mute=\u00bbyes\u00bb overlay_color=\u00bb\u00bb video_preview_image=\u00bb\u00bb border_size=\u00bb\u00bb border_color=\u00bb\u00bb border_style=\u00bbsolid\u00bb padding_top=\u00bb\u00bb padding_bottom=\u00bb\u00bb padding_left=\u00bb\u00bb padding_right=\u00bb\u00bb][fusion_builder_row][fusion_builder_column type=\u00bb1_1&#8243; layout=\u00bb1_1&#8243; background_position=\u00bbleft top\u00bb background_color=\u00bb\u00bb border_size=\u00bb\u00bb border_color=\u00bb\u00bb border_style=\u00bbsolid\u00bb border_position=\u00bball\u00bb spacing=\u00bbyes\u00bb background_image=\u00bb\u00bb background_repeat=\u00bbno-repeat\u00bb padding=\u00bb\u00bb margin_top=\u00bb0px\u00bb margin_bottom=\u00bb0px\u00bb class=\u00bb\u00bb id=\u00bb\u00bb animation_type=\u00bb\u00bb animation_speed=\u00bb0.3&#8243; animation_direction=\u00bbleft\u00bb hide_on_mobile=\u00bbsmall-visibility,medium-visibility,large-visibility\u00bb center_content=\u00bbno\u00bb last=\u00bbno\u00bb min_height=\u00bb\u00bb hover_type=\u00bbnone\u00bb link=\u00bb\u00bb][fusion_text]<\/p>\n<h3>El trabajo del comit\u00e9 hasta ahora<\/h3>\n<p style=\"text-align: justify\">Queremos aprovechar este primer comunicado para poneros un poco al d\u00eda de cu\u00e1l est\u00e1 siendo la actividad del Comit\u00e9 durante estos primeros meses de mandato. Por hacer un s\u00edmil, somos como un elefante que se est\u00e1 poniendo en movimiento lentamente pero cogiendo velocidad poco a poco.<\/p>\n<p style=\"text-align: justify\">No obstante la empresa tampoco lo est\u00e1 poniendo f\u00e1cil ya que la demora o inexistencia de respuestas a nuestras peticiones dilatan en el tiempo hasta los temas m\u00e1s b\u00e1sicos. Como por ejemplo el local al que tenemos derecho como Comit\u00e9 en el que podremos atenderos y dar salida a todas vuestras dudas y consultas y que, a d\u00eda de hoy, sigue sin estar adecuado para su uso.<\/p>\n<p style=\"text-align: justify\">Entre otras cosas hemos reclamado a la empresa que tuviera en consideraci\u00f3n el esfuerzo que est\u00e1is haciendo, especialmente este a\u00f1o, por la carga de trabajo que est\u00e1is soportando. Hemos solicitado en varias ocasiones abrir diferentes v\u00edas de negociaci\u00f3n para hablar de una subida salarial o una gratificaci\u00f3n extraordinaria a final de a\u00f1o. La respuesta ha sido siempre <strong>No<\/strong>, informando que la pol\u00edtica de Viajes Barcel\u00f3 es la de mantenerse en lo que establezca la ley, es decir, todas las subidas salariales (Convenio, EVD,\u2026) ser\u00e1n absorbidas y compensadas y s\u00f3lo revisar\u00e1n los niveles y salarios del personal que ellos consideren que s\u00ed lo merecen.<\/p>\n<p style=\"text-align: justify\">Respecto a esa pol\u00edtica s\u00ed hemos verificado que en casos concretos lo han llevado a cabo en estos \u00faltimos meses pero no podemos estar de acuerdo con ello ya que esa revisi\u00f3n es totalmente subjetiva y entendemos que el merecimiento deber\u00eda haber sido global.En cuanto a lo relativo a Prevenci\u00f3n y Riesgos Laborales \u00a0informaros que los tres miembros del Comit\u00e9 de Seguridad y Salud (CSS) hemos iniciado un curso b\u00e1sico de 30 horas que nos servir\u00e1 para empezar a poner en movimiento esta parte tan importante para todos. M\u00e1s all\u00e1 de eso hemos realizado varios informes a la empresa con incidencias, especialmente con insectos varios (ara\u00f1as, hormigas, cucarachas) que pueblan nuestra oficina y que ya han sido resueltas. Estamos a la espera de que nos env\u00eden el informe que haya hecho la empresa correspondiente en relaci\u00f3n con un store que se cay\u00f3 en la parte de Grupos Espa\u00f1a ya que hemos reclamado que revisen todos para evitar accidentes. Tambi\u00e9n hemos estado vigilantes y al tanto de algunos accidentes que han sufrido algunos de nuestros gu\u00edas.<\/p>\n<p style=\"text-align: justify\">En lo relativo a Formaci\u00f3n hemos constituido una mesa de formaci\u00f3n formada por Eva Ortega, Jose Mar\u00eda Mart\u00ednez y Beatriz Villase\u00f1or. Esta mesa trabajar\u00e1 en planes de formaci\u00f3n adecuados para nuestra actividad en conjunto con la empresa. Hemos recibido muchas quejas en lo relativo a este tema y de ah\u00ed que sea uno de nuestros asuntos prioritarios.<\/p>\n<p style=\"text-align: justify\">A nivel general estamos revisando las posibles reclamaciones que haremos a la direcci\u00f3n de la empresa por dos temas importantes: atenci\u00f3n de la centralita y recepci\u00f3n y contrataci\u00f3n posiblemente irregular de personal. Tambi\u00e9n estamos preparando material que incluiremos en una carpeta de bienvenida para los nuevos compa\u00f1eros y peque\u00f1os res\u00famenes con aquellas cuestiones que m\u00e1s sol\u00e9is consultar relativos al Convenio y que os enviaremos seg\u00fan vayamos finalizando.<\/p>\n<p style=\"text-align: justify\">Seguiremos estando vigilantes con vuestras situaciones, velando para que la empresa cumpla con las normativas que os afectan.<\/p>\n<p style=\"text-align: justify\">Os animamos a que acud\u00e1is a cualquiera de nosotros para que nos hag\u00e1is llegar cualquier tipo de sugerencia o propuesta que pueda mejorar las condiciones de trabajo en los puestos o aquellas cuestiones que os afecten. Os recordamos el mail del que disponemos y sobre el que garantizamos la confidencialidad y el anonimato:<br \/>\n<strong>delegados.spt@gmail.com<\/strong><\/p>\n<p>[\/fusion_text][\/fusion_builder_column][\/fusion_builder_row][\/fusion_builder_container]    \t<\/p>\n","protected":false},"excerpt":{"rendered":"<p>En Special Tours el comit\u00e9 de empresa informa sobre sus primeros avances . Aunque la direcci\u00f3n de la empresa no lo est\u00e1 poniendo f\u00e1cil, desde CCOO mantendremos el compromiso por la defensa de los derechos laborales.<\/p>\n","protected":false},"author":5274,"featured_media":6764,"comment_status":"open","ping_status":"open","sticky":false,"template":"","format":"standard","meta":{"footnotes":""},"categories":[43],"tags":[],"class_list":["post-6760","post","type-post","status-publish","format-standard","has-post-thumbnail","hentry","category-special-tours","generate-columns","tablet-grid-50","mobile-grid-100","grid-parent","grid-33"],"_links":{"self":[{"href":"https:\/\/ccoo.app\/agencias\/wp-json\/wp\/v2\/posts\/6760","targetHints":{"allow":["GET"]}}],"collection":[{"href":"https:\/\/ccoo.app\/agencias\/wp-json\/wp\/v2\/posts"}],"about":[{"href":"https:\/\/ccoo.app\/agencias\/wp-json\/wp\/v2\/types\/post"}],"author":[{"embeddable":true,"href":"https:\/\/ccoo.app\/agencias\/wp-json\/wp\/v2\/users\/5274"}],"replies":[{"embeddable":true,"href":"https:\/\/ccoo.app\/agencias\/wp-json\/wp\/v2\/comments?post=6760"}],"version-history":[{"count":0,"href":"https:\/\/ccoo.app\/agencias\/wp-json\/wp\/v2\/posts\/6760\/revisions"}],"wp:featuredmedia":[{"embeddable":true,"href":"https:\/\/ccoo.app\/agencias\/wp-json\/wp\/v2\/media\/6764"}],"wp:attachment":[{"href":"https:\/\/ccoo.app\/agencias\/wp-json\/wp\/v2\/media?parent=6760"}],"wp:term":[{"taxonomy":"category","embeddable":true,"href":"https:\/\/ccoo.app\/agencias\/wp-json\/wp\/v2\/categories?post=6760"},{"taxonomy":"post_tag","embeddable":true,"href":"https:\/\/ccoo.app\/agencias\/wp-json\/wp\/v2\/tags?post=6760"}],"curies":[{"name":"wp","href":"https:\/\/api.w.org\/{rel}","templated":true}]}}