{"id":5576,"date":"2016-11-20T22:05:01","date_gmt":"2016-11-20T21:05:01","guid":{"rendered":"http:\/\/ccooagencias.org\/?p=5576"},"modified":"2016-11-20T22:05:01","modified_gmt":"2016-11-20T21:05:01","slug":"trabajadores-preacuerdo-retribucion-vacaciones-edreams","status":"publish","type":"post","link":"https:\/\/ccoo.app\/agencias\/trabajadores-preacuerdo-retribucion-vacaciones-edreams\/","title":{"rendered":"Trabajadores deciden preacuerdo retribuci\u00f3n vacaciones en eDreams"},"content":{"rendered":"<p>[fusion_builder_container hundred_percent=\u00bbno\u00bb equal_height_columns=\u00bbno\u00bb menu_anchor=\u00bb\u00bb hide_on_mobile=\u00bbsmall-visibility,medium-visibility,large-visibility\u00bb class=\u00bb\u00bb id=\u00bb\u00bb background_color=\u00bb\u00bb background_image=\u00bb\u00bb background_position=\u00bbcenter center\u00bb background_repeat=\u00bbno-repeat\u00bb fade=\u00bbno\u00bb background_parallax=\u00bbnone\u00bb parallax_speed=\u00bb0.3&#8243; video_mp4=\u00bb\u00bb video_webm=\u00bb\u00bb video_ogv=\u00bb\u00bb video_url=\u00bb\u00bb video_aspect_ratio=\u00bb16:9&#8243; video_loop=\u00bbyes\u00bb video_mute=\u00bbyes\u00bb overlay_color=\u00bb\u00bb video_preview_image=\u00bb\u00bb border_size=\u00bb\u00bb border_color=\u00bb\u00bb border_style=\u00bbsolid\u00bb padding_top=\u00bb\u00bb padding_bottom=\u00bb\u00bb padding_left=\u00bb\u00bb padding_right=\u00bb\u00bb][fusion_builder_row][fusion_builder_column type=\u00bb1_1&#8243; layout=\u00bb1_1&#8243; background_position=\u00bbleft top\u00bb background_color=\u00bb\u00bb border_size=\u00bb\u00bb border_color=\u00bb\u00bb border_style=\u00bbsolid\u00bb border_position=\u00bball\u00bb spacing=\u00bbyes\u00bb background_image=\u00bb\u00bb background_repeat=\u00bbno-repeat\u00bb padding=\u00bb\u00bb margin_top=\u00bb0px\u00bb margin_bottom=\u00bb0px\u00bb class=\u00bb\u00bb id=\u00bb\u00bb animation_type=\u00bb\u00bb animation_speed=\u00bb0.3&#8243; animation_direction=\u00bbleft\u00bb hide_on_mobile=\u00bbsmall-visibility,medium-visibility,large-visibility\u00bb center_content=\u00bbno\u00bb last=\u00bbno\u00bb min_height=\u00bb\u00bb hover_type=\u00bbnone\u00bb link=\u00bb\u00bb][fusion_text]<\/p>\n<h2 style=\"text-align: justify\">La asamblea acepta el preacuerdo<\/h2>\n<p dir=\"ltr\" style=\"text-align: justify\">Podemos anunciaros ya el resultado de la votaci\u00f3n sobre la propuesta de la direcci\u00f3n de la empresa para el cobro de incentivos y pluses en periodo de vacaciones . En el curso de las cinco sesiones de la asemblea de trabajadores se han recogido 118 votos, 114 a favor y 4 en contra.<\/p>\n<p dir=\"ltr\" style=\"text-align: justify\">En consecuencia, hoy comunicaremos al TLC la aceptaci\u00f3n del preacuerdo. Las medidas son de aplicaci\u00f3n inmediata con lo que en la n\u00f3mina de diciembre ya no debe haber ning\u00fan porcentaje de incentivos o pluses deducido con motivo de vacaciones.<\/p>\n<p dir=\"ltr\" style=\"text-align: justify\">Como ya os informamos, el acuerdo s\u00f3lo contempla el pago retroactivo de 6 meses ( la legislaci\u00f3n laboral permite la reclamaci\u00f3n retroactiva de importes de los \u00faltimos 12 meses). Estos importes se nos abonar\u00e1n repartidos en las pr\u00f3ximas 6 mensualidades. Si prefer\u00eds recibir el importe en tickets restaurante, pod\u00e9is solicitarlo a RRHH hasta el 7 de diciembre.<\/p>\n<p dir=\"ltr\" style=\"text-align: justify\">Agradecemos a todas y a todos la\u00a0asistencia a las sesiones de la asamblea. Cre\u00edamos que era una cuesti\u00f3n importante que era mejor decidir entre todos y todas.<\/p>\n<h2 style=\"text-align: justify\">Los d\u00edas y horarios de la Asamblea<\/h2>\n<ul style=\"text-align: justify\">\n<li>\n<h3>El 21\/11, este lunes:<\/h3>\n<ul>\n<li>1\u00aa convocatoria: 14:30 horas<\/li>\n<li>2\u00aa convocatoria: 15:30 horas<\/li>\n<\/ul>\n<\/li>\n<\/ul>\n<ul style=\"text-align: justify\">\n<li>\n<h3>El 22\/11, el martes:<\/h3>\n<ul>\n<li>1\u00aa convocatoria: 08:00 horas<\/li>\n<li>2\u00aa convocatoria: 18:00 horas<\/li>\n<li>3\u00aa convocatoria: 20:00 horas<\/li>\n<\/ul>\n<\/li>\n<\/ul>\n<h2 style=\"text-align: justify\">Entienda el caso en 4 puntos:<\/h2>\n<ol>\n<li style=\"text-align: justify\"><a href=\"http:\/\/ccooagencias.org\/los-incentivos-deben-pagarse-tambien-vacaciones\/\">Tal como lo informamos en noticia en nuestra web<\/a>, la retribuci\u00f3n correspondiente a las vacaciones anuales del trabajador\/a debe incluir todos los conceptos retributivos ordinarios, incluidas los pluses y\/o los incentivos a la producci\u00f3n. Esta nueva doctrina jur\u00eddica lo avala el Tribunal de Justicia de la Uni\u00f3n Europea (TJUE) y el Tribunal Supremo.<\/li>\n<li style=\"text-align: justify\">Seg\u00fan interpretaci\u00f3n de la doctrina jur\u00eddica, se requer\u00eda de la direcci\u00f3n de la empresa \u00a0el derecho a cobrar incentivos y pluses en vacaciones a partir de ahora, adem\u00e1s de cobrar atrasos retroactivos de un a\u00f1o para tras desde fecha de reclamaci\u00f3n (en este caso, esde noviembre de 2015 hasta ahora, fecha en que se produce en TLC).<\/li>\n<li style=\"text-align: justify\">Despu\u00e9s de que CCOO solicitara de la direcci\u00f3n subsanar el agravio econ\u00f3mico, la representaci\u00f3n de l@s trabajador@s interpuso un expediente al Tribunal Laboral de Catalunya (TLC) con v\u00edas a que la Vacaciones eDreams rectificara y medida previa a una posible judicializaci\u00f3n.<\/li>\n<li style=\"text-align: justify\">La direcci\u00f3n presenta en el TLC una propuesta y se firma un preacuerdo, pendiente de ratificarse en una Asamblea de Trabajadoras y Trabajadores. La participaci\u00f3n de todas y todos es un espacio democr\u00e1tico y que quiere fomentar CCOO, en demostraci\u00f3n de un avance hacia la conquista de nuestros derechos.<\/li>\n<\/ol>\n<h2>El preacuerdo<\/h2>\n<p>Abajo detallado, adjuntamos el contenido \u00edntegro del preacuerdo, el cual debemos debatir durante las convocatorias de la Asamblea de Trabajadoras y Trabajadores. \u00a1Os esperamos!<\/p>\n<p><a href=\"http:\/\/ccoo.app\/agencias\/wp-content\/blogs.dir\/6\/files\/sites\/148\/2016\/11\/preacuerdo-1-1.png\"><img loading=\"lazy\" decoding=\"async\" class=\"aligncenter size-large wp-image-5577\" src=\"http:\/\/ccooagencias.org\/wp-content\/uploads\/2016\/11\/Preacuerdo-1-732x1024.png\" alt=\"preacuerdo CCOO\" width=\"732\" height=\"1024\" \/><\/a> <a href=\"http:\/\/ccoo.app\/agencias\/wp-content\/blogs.dir\/6\/files\/sites\/148\/2016\/11\/preacuerdo-2-1.png\"><img loading=\"lazy\" decoding=\"async\" class=\"aligncenter size-large wp-image-5578\" src=\"http:\/\/ccooagencias.org\/wp-content\/uploads\/2016\/11\/Preacuerdo-2-707x1024.png\" alt=\"preacuerdo-2\" width=\"707\" height=\"1024\" \/><\/a><\/p>\n<p>[\/fusion_text][\/fusion_builder_column][\/fusion_builder_row][\/fusion_builder_container]    \t<\/p>\n","protected":false},"excerpt":{"rendered":"<p>[fusion_builder_container hundred_percent=\u00bbno\u00bb equal_height_columns=\u00bbno\u00bb menu_anchor=\u00bb\u00bb hide_on_mobile=\u00bbsmall-visibility,medium-visibility,large-visibility\u00bb class=\u00bb\u00bb id=\u00bb\u00bb background_color=\u00bb\u00bb background_image=\u00bb\u00bb background_position=\u00bbcenter center\u00bb background_repeat=\u00bbno-repeat\u00bb fade=\u00bbno\u00bb background_parallax=\u00bbnone\u00bb parallax_speed=\u00bb0.3&#8243; video_mp4=\u00bb\u00bb video_webm=\u00bb\u00bb video_ogv=\u00bb\u00bb video_url=\u00bb\u00bb video_aspect_ratio=\u00bb16:9&#8243; video_loop=\u00bbyes\u00bb video_mute=\u00bbyes\u00bb overlay_color=\u00bb\u00bb video_preview_image=\u00bb\u00bb border_size=\u00bb\u00bb border_color=\u00bb\u00bb border_style=\u00bbsolid\u00bb padding_top=\u00bb\u00bb padding_bottom=\u00bb\u00bb padding_left=\u00bb\u00bb &#8230; <a title=\"Trabajadores deciden preacuerdo retribuci\u00f3n vacaciones en eDreams\" class=\"read-more\" href=\"https:\/\/ccoo.app\/agencias\/trabajadores-preacuerdo-retribucion-vacaciones-edreams\/\" aria-label=\"Leer m\u00e1s sobre Trabajadores deciden preacuerdo retribuci\u00f3n vacaciones en eDreams\">Leer m\u00e1s<\/a><\/p>\n","protected":false},"author":5274,"featured_media":8998,"comment_status":"open","ping_status":"open","sticky":false,"template":"","format":"standard","meta":{"footnotes":""},"categories":[44],"tags":[],"class_list":["post-5576","post","type-post","status-publish","format-standard","has-post-thumbnail","hentry","category-vacaciones-edreams","generate-columns","tablet-grid-50","mobile-grid-100","grid-parent","grid-33"],"_links":{"self":[{"href":"https:\/\/ccoo.app\/agencias\/wp-json\/wp\/v2\/posts\/5576","targetHints":{"allow":["GET"]}}],"collection":[{"href":"https:\/\/ccoo.app\/agencias\/wp-json\/wp\/v2\/posts"}],"about":[{"href":"https:\/\/ccoo.app\/agencias\/wp-json\/wp\/v2\/types\/post"}],"author":[{"embeddable":true,"href":"https:\/\/ccoo.app\/agencias\/wp-json\/wp\/v2\/users\/5274"}],"replies":[{"embeddable":true,"href":"https:\/\/ccoo.app\/agencias\/wp-json\/wp\/v2\/comments?post=5576"}],"version-history":[{"count":0,"href":"https:\/\/ccoo.app\/agencias\/wp-json\/wp\/v2\/posts\/5576\/revisions"}],"wp:featuredmedia":[{"embeddable":true,"href":"https:\/\/ccoo.app\/agencias\/wp-json\/wp\/v2\/media\/8998"}],"wp:attachment":[{"href":"https:\/\/ccoo.app\/agencias\/wp-json\/wp\/v2\/media?parent=5576"}],"wp:term":[{"taxonomy":"category","embeddable":true,"href":"https:\/\/ccoo.app\/agencias\/wp-json\/wp\/v2\/categories?post=5576"},{"taxonomy":"post_tag","embeddable":true,"href":"https:\/\/ccoo.app\/agencias\/wp-json\/wp\/v2\/tags?post=5576"}],"curies":[{"name":"wp","href":"https:\/\/api.w.org\/{rel}","templated":true}]}}