{"id":5518,"date":"2016-09-27T18:02:32","date_gmt":"2016-09-27T16:02:32","guid":{"rendered":"http:\/\/ccooagencias.org\/?p=5518"},"modified":"2016-09-27T18:02:32","modified_gmt":"2016-09-27T16:02:32","slug":"firmado-convenio-colectivo","status":"publish","type":"post","link":"https:\/\/ccoo.app\/agencias\/firmado-convenio-colectivo\/","title":{"rendered":"Firmado el Convenio Colectivo"},"content":{"rendered":"<p>[fusion_builder_container hundred_percent=\u00bbno\u00bb equal_height_columns=\u00bbno\u00bb menu_anchor=\u00bb\u00bb hide_on_mobile=\u00bbsmall-visibility,medium-visibility,large-visibility\u00bb class=\u00bb\u00bb id=\u00bb\u00bb background_color=\u00bb\u00bb background_image=\u00bb\u00bb background_position=\u00bbcenter center\u00bb background_repeat=\u00bbno-repeat\u00bb fade=\u00bbno\u00bb background_parallax=\u00bbnone\u00bb parallax_speed=\u00bb0.3&#8243; video_mp4=\u00bb\u00bb video_webm=\u00bb\u00bb video_ogv=\u00bb\u00bb video_url=\u00bb\u00bb video_aspect_ratio=\u00bb16:9&#8243; video_loop=\u00bbyes\u00bb video_mute=\u00bbyes\u00bb overlay_color=\u00bb\u00bb video_preview_image=\u00bb\u00bb border_size=\u00bb\u00bb border_color=\u00bb\u00bb border_style=\u00bbsolid\u00bb padding_top=\u00bb\u00bb padding_bottom=\u00bb\u00bb padding_left=\u00bb\u00bb padding_right=\u00bb\u00bb][fusion_builder_row][fusion_builder_column type=\u00bb1_1&#8243; layout=\u00bb1_1&#8243; background_position=\u00bbleft top\u00bb background_color=\u00bb\u00bb border_size=\u00bb\u00bb border_color=\u00bb\u00bb border_style=\u00bbsolid\u00bb border_position=\u00bball\u00bb spacing=\u00bbyes\u00bb background_image=\u00bb\u00bb background_repeat=\u00bbno-repeat\u00bb padding=\u00bb\u00bb margin_top=\u00bb0px\u00bb margin_bottom=\u00bb0px\u00bb class=\u00bb\u00bb id=\u00bb\u00bb animation_type=\u00bb\u00bb animation_speed=\u00bb0.3&#8243; animation_direction=\u00bbleft\u00bb hide_on_mobile=\u00bbsmall-visibility,medium-visibility,large-visibility\u00bb center_content=\u00bbno\u00bb last=\u00bbno\u00bb min_height=\u00bb\u00bb hover_type=\u00bbnone\u00bb link=\u00bb\u00bb][fusion_text]<\/p>\n<p style=\"text-align: justify\">En la ma\u00f1ana de hoy martes 27 de septiembre, CCOO ha firmado Convenio Colectivo Estatal de Agencias de Viajes para el per\u00edodo 2016-2018, tras una ardua negociaci\u00f3n en el seno de la comisi\u00f3n negociadora entre la patronal y los sindicatos en un dilatado proceso que se remonta a enero de 2016.<\/p>\n<p style=\"text-align: justify\">Entre otras modificaciones se incluyen unos incrementos salariales del 1% para 2016, y del 1,5% para 2017 y 2018. El incremento para 2016 generar\u00e1 unos atrasos que deber\u00e1n asumir las empresas.<\/p>\n<p style=\"text-align: justify\">Entre los puntos del articulado del convenio podemos encontrar las siguientes mejoras:<\/p>\n<ul style=\"text-align: justify\">\n<li><strong>Progresi\u00f3n:<\/strong>\u00a0se establece una carrera profesional para el personal de servicios generales.<\/li>\n<li><strong>Permisos:<\/strong>\u00a0se pactan nuevas licencias retribuidas por acompa\u00f1amiento tanto a descendientes menores de 14 a\u00f1os como a ascendientes dependientes;\u00a0para el cumplimiento de deberes p\u00fablicos (renovaci\u00f3n de permisos de trabajo, residencia, pasaporte, etc.);\u00a0para ex\u00e1menes del carnet de conducir y\u00a0para consultas m\u00e9dicas y pruebas diagn\u00f3sticas.<\/li>\n<li><strong>Formaci\u00f3n:<\/strong>\u00a0se flexibilizan las horas computables de formaci\u00f3n a efectos de progresi\u00f3n.<\/li>\n<li><strong>Contrataci\u00f3n:<\/strong>\u00a0se mejoran las condiciones de los contratos en pr\u00e1cticas.<\/li>\n<li><strong>Trabajo nocturno:\u00a0<\/strong>se aumenta un 10% el plus, pasando a un 40% del salario base en total.<\/li>\n<li><strong>Excedencias:<\/strong>\u00a0se ampl\u00eda el periodo de reserva del puesto de trabajo en excedencias por cuidado de hijos y de familiares.<\/li>\n<li><strong>Seguros:\u00a0<\/strong>se incrementa la cuant\u00eda del seguro de accidentes y se establece por primera vez un seguro de vida.<\/li>\n<li><strong>Incapacidad temporal:<\/strong> se mejoran los complementos en caso de IT.<\/li>\n<li><strong>Seguridad, salud y medio ambiente:<\/strong>\u00a0se incorporar\u00e1n regulaciones espec\u00edficas sobre usuarios de PVD, reconocimientos m\u00e9dicos, evaluaciones de riesgos, planes de prevenci\u00f3n, protecci\u00f3n medioambiental, etc.<\/li>\n<li><strong>Igualdad y diversidad de g\u00e9nero:<\/strong>\u00a0aparecen en el convenio referencias empresas a la diversidad sexual y de respeto ante los posibles tratos discriminatorios por identidad de g\u00e9nero.<\/li>\n<\/ul>\n<p style=\"text-align: justify\">A continuaci\u00f3n os adjuntamos el articulado del Convenio y os seguiremos informando puntualmente sobre su aplicaci\u00f3n y desarrollo.<\/p>\n<p style=\"text-align: justify\">El texto todav\u00eda pendiente de publicaci\u00f3n en el BOE. Cuando est\u00e9 publicado lo informaremos.<\/p>\n<p>&nbsp;<\/p>\n<p>[\/fusion_text][\/fusion_builder_column][\/fusion_builder_row][\/fusion_builder_container]    \t<\/p>\n","protected":false},"excerpt":{"rendered":"<p>[fusion_builder_container hundred_percent=\u00bbno\u00bb equal_height_columns=\u00bbno\u00bb menu_anchor=\u00bb\u00bb hide_on_mobile=\u00bbsmall-visibility,medium-visibility,large-visibility\u00bb class=\u00bb\u00bb id=\u00bb\u00bb background_color=\u00bb\u00bb background_image=\u00bb\u00bb background_position=\u00bbcenter center\u00bb background_repeat=\u00bbno-repeat\u00bb fade=\u00bbno\u00bb background_parallax=\u00bbnone\u00bb parallax_speed=\u00bb0.3&#8243; video_mp4=\u00bb\u00bb video_webm=\u00bb\u00bb video_ogv=\u00bb\u00bb video_url=\u00bb\u00bb video_aspect_ratio=\u00bb16:9&#8243; video_loop=\u00bbyes\u00bb video_mute=\u00bbyes\u00bb overlay_color=\u00bb\u00bb video_preview_image=\u00bb\u00bb border_size=\u00bb\u00bb border_color=\u00bb\u00bb border_style=\u00bbsolid\u00bb padding_top=\u00bb\u00bb padding_bottom=\u00bb\u00bb padding_left=\u00bb\u00bb &#8230; <a title=\"Firmado el Convenio Colectivo\" class=\"read-more\" href=\"https:\/\/ccoo.app\/agencias\/firmado-convenio-colectivo\/\" aria-label=\"Leer m\u00e1s sobre Firmado el Convenio Colectivo\">Leer m\u00e1s<\/a><\/p>\n","protected":false},"author":5274,"featured_media":6109,"comment_status":"closed","ping_status":"closed","sticky":false,"template":"","format":"standard","meta":{"footnotes":""},"categories":[21],"tags":[],"class_list":["post-5518","post","type-post","status-publish","format-standard","has-post-thumbnail","hentry","category-convenio-estatal","generate-columns","tablet-grid-50","mobile-grid-100","grid-parent","grid-33"],"_links":{"self":[{"href":"https:\/\/ccoo.app\/agencias\/wp-json\/wp\/v2\/posts\/5518","targetHints":{"allow":["GET"]}}],"collection":[{"href":"https:\/\/ccoo.app\/agencias\/wp-json\/wp\/v2\/posts"}],"about":[{"href":"https:\/\/ccoo.app\/agencias\/wp-json\/wp\/v2\/types\/post"}],"author":[{"embeddable":true,"href":"https:\/\/ccoo.app\/agencias\/wp-json\/wp\/v2\/users\/5274"}],"replies":[{"embeddable":true,"href":"https:\/\/ccoo.app\/agencias\/wp-json\/wp\/v2\/comments?post=5518"}],"version-history":[{"count":0,"href":"https:\/\/ccoo.app\/agencias\/wp-json\/wp\/v2\/posts\/5518\/revisions"}],"wp:featuredmedia":[{"embeddable":true,"href":"https:\/\/ccoo.app\/agencias\/wp-json\/wp\/v2\/media\/6109"}],"wp:attachment":[{"href":"https:\/\/ccoo.app\/agencias\/wp-json\/wp\/v2\/media?parent=5518"}],"wp:term":[{"taxonomy":"category","embeddable":true,"href":"https:\/\/ccoo.app\/agencias\/wp-json\/wp\/v2\/categories?post=5518"},{"taxonomy":"post_tag","embeddable":true,"href":"https:\/\/ccoo.app\/agencias\/wp-json\/wp\/v2\/tags?post=5518"}],"curies":[{"name":"wp","href":"https:\/\/api.w.org\/{rel}","templated":true}]}}