{"id":5429,"date":"2016-06-08T14:50:14","date_gmt":"2016-06-08T12:50:14","guid":{"rendered":"http:\/\/ccooagencias.org\/?p=5429"},"modified":"2016-06-08T14:50:14","modified_gmt":"2016-06-08T12:50:14","slug":"disponibilidad-horaria","status":"publish","type":"post","link":"https:\/\/ccoo.app\/agencias\/disponibilidad-horaria\/","title":{"rendered":"Disponibilidad horaria en TechnoIGT Solutions"},"content":{"rendered":"<p>[fusion_builder_container hundred_percent=\u00bbno\u00bb equal_height_columns=\u00bbno\u00bb menu_anchor=\u00bb\u00bb hide_on_mobile=\u00bbsmall-visibility,medium-visibility,large-visibility\u00bb class=\u00bb\u00bb id=\u00bb\u00bb background_color=\u00bb\u00bb background_image=\u00bb\u00bb background_position=\u00bbcenter center\u00bb background_repeat=\u00bbno-repeat\u00bb fade=\u00bbno\u00bb background_parallax=\u00bbnone\u00bb parallax_speed=\u00bb0.3&#8243; video_mp4=\u00bb\u00bb video_webm=\u00bb\u00bb video_ogv=\u00bb\u00bb video_url=\u00bb\u00bb video_aspect_ratio=\u00bb16:9&#8243; video_loop=\u00bbyes\u00bb video_mute=\u00bbyes\u00bb overlay_color=\u00bb\u00bb video_preview_image=\u00bb\u00bb border_size=\u00bb\u00bb border_color=\u00bb\u00bb border_style=\u00bbsolid\u00bb padding_top=\u00bb\u00bb padding_bottom=\u00bb\u00bb padding_left=\u00bb\u00bb padding_right=\u00bb\u00bb][fusion_builder_row][fusion_builder_column type=\u00bb1_1&#8243; layout=\u00bb1_1&#8243; background_position=\u00bbleft top\u00bb background_color=\u00bb\u00bb border_size=\u00bb\u00bb border_color=\u00bb\u00bb border_style=\u00bbsolid\u00bb border_position=\u00bball\u00bb spacing=\u00bbyes\u00bb background_image=\u00bb\u00bb background_repeat=\u00bbno-repeat\u00bb padding_top=\u00bb\u00bb padding_right=\u00bb\u00bb padding_bottom=\u00bb\u00bb padding_left=\u00bb\u00bb margin_top=\u00bb0px\u00bb margin_bottom=\u00bb0px\u00bb class=\u00bb\u00bb id=\u00bb\u00bb animation_type=\u00bb\u00bb animation_speed=\u00bb0.3&#8243; animation_direction=\u00bbleft\u00bb hide_on_mobile=\u00bbsmall-visibility,medium-visibility,large-visibility\u00bb center_content=\u00bbno\u00bb last=\u00bbno\u00bb min_height=\u00bb\u00bb hover_type=\u00bbnone\u00bb link=\u00bb\u00bb][fusion_text columns=\u00bb\u00bb column_min_width=\u00bb\u00bb column_spacing=\u00bb\u00bb rule_style=\u00bbdefault\u00bb rule_size=\u00bb\u00bb rule_color=\u00bb\u00bb hide_on_mobile=\u00bbsmall-visibility,medium-visibility,large-visibility\u00bb class=\u00bb\u00bb id=\u00bb\u00bb]<\/p>\n<h2 style=\"text-align: justify\">CCOO recuerda el Plus de Disponibilidad Horaria<\/h2>\n<p style=\"text-align: justify\">A mediados de noviembre de 2014 se firm\u00f3 un acuerdo de disponibilidad horaria entre la representaci\u00f3n sindical y la direcci\u00f3n de la empresa a raz\u00f3n de los in\u00fameros conflictos generados por los cambios de horarios de entrada y salidas del personal. La tem\u00e1tica, que no se regula con claridad en el Convenio Colectivo del sector, y hace con que el abuso por la parte empresarial sea una constante, a trav\u00e9s de cambios repentinos y sin cualquier preaviso a las personas.<\/p>\n<h2 style=\"text-align: justify\">Los cambios de horario se\u00a0compensan econ\u00f3micamente<\/h2>\n<p style=\"text-align: justify\">El acuerdo firmado en el Tribunal Laboral de Catalunya oficializa el acuerdo de plus de disponibilidad horario, con el prop\u00f3sito de regular la asignaci\u00f3n, modificaci\u00f3n y compensaci\u00f3n de cambios de horario que puedan sucederse en la prestaci\u00f3n de servicios del <em>Call Center<\/em>, donde:<\/p>\n<ul style=\"text-align: justify\">\n<li>Las personas trabajadoras ser\u00e1n informadas de los horarios de trabajo con una antelaci\u00f3n m\u00ednima de 30 d\u00edas, a partir del cuarto mes de antig\u00fcedad en la empresa.<\/li>\n<li>No se considera un cambio en el horario de trabajo una modificaci\u00f3n de las pausas o descansos programados. Estos cumplir\u00e1n el RD 488\/1997 sobre Pantallas de Visualizaci\u00f3n de Datos (PVD).<\/li>\n<li>Cuando por razones organizativas o productivas la empresa solicite cambios de horario dentro de un periodo de 30 d\u00edas naturales y no sea la persona trabajadora qui\u00e9n lo solicite voluntariamente o se lo cambie con alg\u00fan compa\u00f1ero\/a, estos\/as ser\u00e1n compensados\/as mensualmente siguiendo la escala que se detalla a continuaci\u00f3n:\n<ul>\n<li>De 1 a 2 cambios en un periodo de 30 d\u00edas naturales: 70 euros<\/li>\n<li>De 3 a 5 cambios en un periodo de 30 d\u00edas naturales: 140 euros<\/li>\n<li>A partir de 6 cambios en un periodo de 30 d\u00edas naturales: 220 euros<\/li>\n<\/ul>\n<\/li>\n<li>Los cambios de horario sujetos a este plus se comunicar\u00e1n con un m\u00ednimo de 48 horas de anticipaci\u00f3n o en el caso contrario estar\u00e1 sujeto a la voluntariedad.<\/li>\n<li>Se establecer\u00e1n sistemas rotativos para la asignaci\u00f3n de cambios de horario entre los\/las agentes y en funci\u00f3n de los intereses productivos y organizativos de la empresa.<\/li>\n<li>A la representaci\u00f3n legal de las personas trabajadoras se les informar\u00e1 con anterioridad la asignaci\u00f3n de los horarios as\u00ed como la relaci\u00f3n de modificaciones de cambios.<\/li>\n<\/ul>\n<p style=\"text-align: justify\">Con esta medida, objetivo de la reivindicaci\u00f3n sindical, se pretende limitar\u00a0los abusos practicados en esta materia.<\/p>\n<p><a href=\"http:\/\/ccoo.app\/agencias\/wp-content\/blogs.dir\/6\/files\/sites\/148\/2016\/06\/plus-disponibilidad-horaria-firmado-17nov14-tlc-pcb-0688-2014-1.jpg\">Haz clic aqu\u00ed para ver el acuerdo en su \u00edntegra<\/a><\/p>\n<p>[\/fusion_text][\/fusion_builder_column][\/fusion_builder_row][\/fusion_builder_container]    \t<\/p>\n","protected":false},"excerpt":{"rendered":"<p>[fusion_builder_container hundred_percent=\u00bbno\u00bb equal_height_columns=\u00bbno\u00bb menu_anchor=\u00bb\u00bb hide_on_mobile=\u00bbsmall-visibility,medium-visibility,large-visibility\u00bb class=\u00bb\u00bb id=\u00bb\u00bb background_color=\u00bb\u00bb background_image=\u00bb\u00bb background_position=\u00bbcenter center\u00bb background_repeat=\u00bbno-repeat\u00bb fade=\u00bbno\u00bb background_parallax=\u00bbnone\u00bb parallax_speed=\u00bb0.3&#8243; video_mp4=\u00bb\u00bb video_webm=\u00bb\u00bb video_ogv=\u00bb\u00bb video_url=\u00bb\u00bb video_aspect_ratio=\u00bb16:9&#8243; video_loop=\u00bbyes\u00bb video_mute=\u00bbyes\u00bb overlay_color=\u00bb\u00bb video_preview_image=\u00bb\u00bb border_size=\u00bb\u00bb border_color=\u00bb\u00bb border_style=\u00bbsolid\u00bb padding_top=\u00bb\u00bb padding_bottom=\u00bb\u00bb padding_left=\u00bb\u00bb &#8230; <a title=\"Disponibilidad horaria en TechnoIGT Solutions\" class=\"read-more\" href=\"https:\/\/ccoo.app\/agencias\/disponibilidad-horaria\/\" aria-label=\"Leer m\u00e1s sobre Disponibilidad horaria en TechnoIGT Solutions\">Leer m\u00e1s<\/a><\/p>\n","protected":false},"author":5274,"featured_media":6154,"comment_status":"open","ping_status":"open","sticky":false,"template":"","format":"standard","meta":{"footnotes":""},"categories":[29,44],"tags":[],"class_list":["post-5429","post","type-post","status-publish","format-standard","has-post-thumbnail","hentry","category-igt","category-vacaciones-edreams","generate-columns","tablet-grid-50","mobile-grid-100","grid-parent","grid-33"],"_links":{"self":[{"href":"https:\/\/ccoo.app\/agencias\/wp-json\/wp\/v2\/posts\/5429","targetHints":{"allow":["GET"]}}],"collection":[{"href":"https:\/\/ccoo.app\/agencias\/wp-json\/wp\/v2\/posts"}],"about":[{"href":"https:\/\/ccoo.app\/agencias\/wp-json\/wp\/v2\/types\/post"}],"author":[{"embeddable":true,"href":"https:\/\/ccoo.app\/agencias\/wp-json\/wp\/v2\/users\/5274"}],"replies":[{"embeddable":true,"href":"https:\/\/ccoo.app\/agencias\/wp-json\/wp\/v2\/comments?post=5429"}],"version-history":[{"count":0,"href":"https:\/\/ccoo.app\/agencias\/wp-json\/wp\/v2\/posts\/5429\/revisions"}],"wp:featuredmedia":[{"embeddable":true,"href":"https:\/\/ccoo.app\/agencias\/wp-json\/wp\/v2\/media\/6154"}],"wp:attachment":[{"href":"https:\/\/ccoo.app\/agencias\/wp-json\/wp\/v2\/media?parent=5429"}],"wp:term":[{"taxonomy":"category","embeddable":true,"href":"https:\/\/ccoo.app\/agencias\/wp-json\/wp\/v2\/categories?post=5429"},{"taxonomy":"post_tag","embeddable":true,"href":"https:\/\/ccoo.app\/agencias\/wp-json\/wp\/v2\/tags?post=5429"}],"curies":[{"name":"wp","href":"https:\/\/api.w.org\/{rel}","templated":true}]}}