{"id":5371,"date":"2016-05-19T23:36:03","date_gmt":"2016-05-19T21:36:03","guid":{"rendered":"http:\/\/ccooagencias.org\/?p=5371"},"modified":"2016-05-19T23:36:03","modified_gmt":"2016-05-19T21:36:03","slug":"formacion-2016-edreams","status":"publish","type":"post","link":"https:\/\/ccoo.app\/agencias\/formacion-2016-edreams\/","title":{"rendered":"Seguimiento formaci\u00f3n 2016 en eDreams"},"content":{"rendered":"<p>[fusion_builder_container hundred_percent=\u00bbno\u00bb equal_height_columns=\u00bbno\u00bb menu_anchor=\u00bb\u00bb hide_on_mobile=\u00bbsmall-visibility,medium-visibility,large-visibility\u00bb class=\u00bb\u00bb id=\u00bb\u00bb background_color=\u00bb\u00bb background_image=\u00bb\u00bb background_position=\u00bbcenter center\u00bb background_repeat=\u00bbno-repeat\u00bb fade=\u00bbno\u00bb background_parallax=\u00bbnone\u00bb parallax_speed=\u00bb0.3&#8243; video_mp4=\u00bb\u00bb video_webm=\u00bb\u00bb video_ogv=\u00bb\u00bb video_url=\u00bb\u00bb video_aspect_ratio=\u00bb16:9&#8243; video_loop=\u00bbyes\u00bb video_mute=\u00bbyes\u00bb overlay_color=\u00bb\u00bb video_preview_image=\u00bb\u00bb border_size=\u00bb\u00bb border_color=\u00bb\u00bb border_style=\u00bbsolid\u00bb padding_top=\u00bb\u00bb padding_bottom=\u00bb\u00bb padding_left=\u00bb\u00bb padding_right=\u00bb\u00bb][fusion_builder_row][fusion_builder_column type=\u00bb1_1&#8243; layout=\u00bb1_1&#8243; background_position=\u00bbleft top\u00bb background_color=\u00bb\u00bb border_size=\u00bb\u00bb border_color=\u00bb\u00bb border_style=\u00bbsolid\u00bb border_position=\u00bball\u00bb spacing=\u00bbyes\u00bb background_image=\u00bb\u00bb background_repeat=\u00bbno-repeat\u00bb padding=\u00bb\u00bb margin_top=\u00bb0px\u00bb margin_bottom=\u00bb0px\u00bb class=\u00bb\u00bb id=\u00bb\u00bb animation_type=\u00bb\u00bb animation_speed=\u00bb0.3&#8243; animation_direction=\u00bbleft\u00bb hide_on_mobile=\u00bbsmall-visibility,medium-visibility,large-visibility\u00bb center_content=\u00bbno\u00bb last=\u00bbno\u00bb min_height=\u00bb\u00bb hover_type=\u00bbnone\u00bb link=\u00bb\u00bb][fusion_text]<\/p>\n<h2 style=\"text-align: justify\">\u00daltima reuni\u00f3n Comisi\u00f3n Formaci\u00f3n 2016<\/h2>\n<p style=\"text-align: justify\"><span style=\"font-weight: 400\">El pasado 19 de febrero tuvo lugar la reuni\u00f3n de la Comisi\u00f3n de Formaci\u00f3n y EVD, formada por representantes de los trabajadores y representantes de la empresa.<\/span><\/p>\n<p style=\"text-align: justify\"><span style=\"font-weight: 400\">En primer lugar se propuso que la empresa compartiera el Plan de Formaci\u00f3n 2016 y, como novedad, se ha solicitado que a partir de ahora se entregue certificado de asistencia y aprovechamiento de todos los cursos que se impartan. <\/span><b>***Debemos recordar la importancia de estos cursos a la hora de demostrar la formaci\u00f3n realizada en el sector y de solicitar un ascenso de nivel profesional.***<\/b><\/p>\n<p style=\"text-align: justify\"><span style=\"font-weight: 400\">La RLT (Representaci\u00f3n Legal de l@s Trabajador@s) solicit\u00f3 a la empresa el presupuesto invertido en los cursos realizados en 2015 con el presupuesto de la Fundaci\u00f3n Tripartita, es decir, la formaci\u00f3n realizada con los impuestos que pagan l@s trabajador@s. No obstante, la empresa se neg\u00f3 a facilitarnos estos datos. No nos sorprende, simplemente nos preguntamos por qu\u00e9 no pueden compartir esta informaci\u00f3n\u2026 alg\u00fan motivo tendr\u00e1n\u2026<\/span><\/p>\n<p style=\"text-align: justify\"><span style=\"font-weight: 400\">Por otra parte, pedimos a los representantes de la empresa que nos comunicaran qu\u00e9 plan de formaci\u00f3n tienen previsto para 2016 con este mismo presupuesto. No saben todav\u00eda. Tampoco nos sorprendre. Esperamos que este a\u00f1o los cursos lleguen antes de lo habitual, puesto que hasta ahora se han presentado en el \u00faltimo trimestre del a\u00f1o, lo cual dificulta organizarlos debidamente, a pesar de que la RLT hace propuestas a principios de a\u00f1o\u2026<\/span><\/p>\n<h2 style=\"text-align: justify\">Encuesta<\/h2>\n<p style=\"text-align: justify\"><span style=\"font-weight: 400\">En breve\u00a0haremos p\u00fablico el resultado de la encuesta donde os\u00a0preguntamos sobre vuestras preferencias en cuanto a cursos.\u00a0<\/span><\/p>\n<p>[\/fusion_text][\/fusion_builder_column][\/fusion_builder_row][\/fusion_builder_container]    \t<\/p>\n","protected":false},"excerpt":{"rendered":"<p>[fusion_builder_container hundred_percent=\u00bbno\u00bb equal_height_columns=\u00bbno\u00bb menu_anchor=\u00bb\u00bb hide_on_mobile=\u00bbsmall-visibility,medium-visibility,large-visibility\u00bb class=\u00bb\u00bb id=\u00bb\u00bb background_color=\u00bb\u00bb background_image=\u00bb\u00bb background_position=\u00bbcenter center\u00bb background_repeat=\u00bbno-repeat\u00bb fade=\u00bbno\u00bb background_parallax=\u00bbnone\u00bb parallax_speed=\u00bb0.3&#8243; video_mp4=\u00bb\u00bb video_webm=\u00bb\u00bb video_ogv=\u00bb\u00bb video_url=\u00bb\u00bb video_aspect_ratio=\u00bb16:9&#8243; video_loop=\u00bbyes\u00bb video_mute=\u00bbyes\u00bb overlay_color=\u00bb\u00bb video_preview_image=\u00bb\u00bb border_size=\u00bb\u00bb border_color=\u00bb\u00bb border_style=\u00bbsolid\u00bb padding_top=\u00bb\u00bb padding_bottom=\u00bb\u00bb padding_left=\u00bb\u00bb &#8230; <a title=\"Seguimiento formaci\u00f3n 2016 en eDreams\" class=\"read-more\" href=\"https:\/\/ccoo.app\/agencias\/formacion-2016-edreams\/\" aria-label=\"Leer m\u00e1s sobre Seguimiento formaci\u00f3n 2016 en eDreams\">Leer m\u00e1s<\/a><\/p>\n","protected":false},"author":5274,"featured_media":6157,"comment_status":"open","ping_status":"open","sticky":false,"template":"","format":"standard","meta":{"footnotes":""},"categories":[44],"tags":[],"class_list":["post-5371","post","type-post","status-publish","format-standard","has-post-thumbnail","hentry","category-vacaciones-edreams","generate-columns","tablet-grid-50","mobile-grid-100","grid-parent","grid-33"],"_links":{"self":[{"href":"https:\/\/ccoo.app\/agencias\/wp-json\/wp\/v2\/posts\/5371","targetHints":{"allow":["GET"]}}],"collection":[{"href":"https:\/\/ccoo.app\/agencias\/wp-json\/wp\/v2\/posts"}],"about":[{"href":"https:\/\/ccoo.app\/agencias\/wp-json\/wp\/v2\/types\/post"}],"author":[{"embeddable":true,"href":"https:\/\/ccoo.app\/agencias\/wp-json\/wp\/v2\/users\/5274"}],"replies":[{"embeddable":true,"href":"https:\/\/ccoo.app\/agencias\/wp-json\/wp\/v2\/comments?post=5371"}],"version-history":[{"count":0,"href":"https:\/\/ccoo.app\/agencias\/wp-json\/wp\/v2\/posts\/5371\/revisions"}],"wp:featuredmedia":[{"embeddable":true,"href":"https:\/\/ccoo.app\/agencias\/wp-json\/wp\/v2\/media\/6157"}],"wp:attachment":[{"href":"https:\/\/ccoo.app\/agencias\/wp-json\/wp\/v2\/media?parent=5371"}],"wp:term":[{"taxonomy":"category","embeddable":true,"href":"https:\/\/ccoo.app\/agencias\/wp-json\/wp\/v2\/categories?post=5371"},{"taxonomy":"post_tag","embeddable":true,"href":"https:\/\/ccoo.app\/agencias\/wp-json\/wp\/v2\/tags?post=5371"}],"curies":[{"name":"wp","href":"https:\/\/api.w.org\/{rel}","templated":true}]}}