{"id":5337,"date":"2016-05-03T06:00:16","date_gmt":"2016-05-03T04:00:16","guid":{"rendered":"http:\/\/ccooagencias.org\/?p=5337"},"modified":"2016-05-03T06:00:16","modified_gmt":"2016-05-03T04:00:16","slug":"cuando-sube-sueldo-vacaciones-edreams","status":"publish","type":"post","link":"https:\/\/ccoo.app\/agencias\/cuando-sube-sueldo-vacaciones-edreams\/","title":{"rendered":"\u00bfCu\u00e1ndo sube mi sueldo en Vacaciones eDreams?"},"content":{"rendered":"<p>[fusion_builder_container hundred_percent=\u00bbno\u00bb equal_height_columns=\u00bbno\u00bb menu_anchor=\u00bb\u00bb hide_on_mobile=\u00bbsmall-visibility,medium-visibility,large-visibility\u00bb class=\u00bb\u00bb id=\u00bb\u00bb background_color=\u00bb\u00bb background_image=\u00bb\u00bb background_position=\u00bbcenter center\u00bb background_repeat=\u00bbno-repeat\u00bb fade=\u00bbno\u00bb background_parallax=\u00bbnone\u00bb parallax_speed=\u00bb0.3&#8243; video_mp4=\u00bb\u00bb video_webm=\u00bb\u00bb video_ogv=\u00bb\u00bb video_url=\u00bb\u00bb video_aspect_ratio=\u00bb16:9&#8243; video_loop=\u00bbyes\u00bb video_mute=\u00bbyes\u00bb overlay_color=\u00bb\u00bb video_preview_image=\u00bb\u00bb border_size=\u00bb\u00bb border_color=\u00bb\u00bb border_style=\u00bbsolid\u00bb padding_top=\u00bb\u00bb padding_bottom=\u00bb\u00bb padding_left=\u00bb\u00bb padding_right=\u00bb\u00bb][fusion_builder_row][fusion_builder_column type=\u00bb1_1&#8243; layout=\u00bb1_1&#8243; background_position=\u00bbleft top\u00bb background_color=\u00bb\u00bb border_size=\u00bb\u00bb border_color=\u00bb\u00bb border_style=\u00bbsolid\u00bb border_position=\u00bball\u00bb spacing=\u00bbyes\u00bb background_image=\u00bb\u00bb background_repeat=\u00bbno-repeat\u00bb padding=\u00bb\u00bb margin_top=\u00bb0px\u00bb margin_bottom=\u00bb0px\u00bb class=\u00bb\u00bb id=\u00bb\u00bb animation_type=\u00bb\u00bb animation_speed=\u00bb0.3&#8243; animation_direction=\u00bbleft\u00bb hide_on_mobile=\u00bbsmall-visibility,medium-visibility,large-visibility\u00bb center_content=\u00bbno\u00bb last=\u00bbno\u00bb min_height=\u00bb\u00bb hover_type=\u00bbnone\u00bb link=\u00bb\u00bb][fusion_text]<\/p>\n<h2 style=\"text-align: justify\"><b>DETALLES NIVELES SALARIALES<\/b><\/h2>\n<p style=\"text-align: justify\"><span style=\"font-weight: 400\">En Vacaciones eDreams, con motivo de la huelga del Departamento de Francia y tras ratificar preacuerdo en las asambleas con l@s trabajador@s, se ha llegado a un nuevo acuerdo para la progresi\u00f3n de niveles salariales.<\/span><\/p>\n<h2 style=\"text-align: justify\"><b>PERSONAL ACTUAL (contratados antes de 1 abril de 2016)<\/b><\/h2>\n<ol>\n<li style=\"text-align: justify\"><span style=\"font-weight: 400\">Los agentes que tienen el nivel 2 correspondiente al Convenio Estatal de Agencias de Viajes subir\u00e1n al nivel 3, en base a los siguientes criterios:<\/span><\/li>\n<li style=\"text-align: justify\"><span style=\"font-weight: 400\">Los agentes con un m\u00ednimo de 2 a\u00f1os de antig\u00fcedad en la empresa y sin suficiente experiencia anterior en el sector de agencias de viajes subir\u00e1n a nivel 3 previa aprobaci\u00f3n de la Evaluaci\u00f3n de Desempe\u00f1o.<\/span><\/li>\n<li style=\"text-align: justify\"><span style=\"font-weight: 400\">Los agentes con un m\u00ednimo de 1 a\u00f1o de antig\u00fcedad en la empresa y que acrediten un m\u00ednimo de tres a\u00f1os de experiencia en el sector de agencias de viajes pasar\u00e1n autom\u00e1ticamente al nivel 3 previa acreditaci\u00f3n de experiencia reconocida en el sector. Para ello dichos agentes deber\u00e1n entregar la documentaci\u00f3n a la comisi\u00f3n paritaria del Comit\u00e9 de Formaci\u00f3n y EVD.<\/span><\/li>\n<li style=\"text-align: justify\"><span style=\"font-weight: 400\">A partir del nivel 3, en aplicaci\u00f3n del convenio, se subir\u00e1 de nivel cada 3 a\u00f1os.<\/span><\/li>\n<\/ol>\n<h2 style=\"text-align: justify\"><b>NUEVAS INCORPORACIONES (a partir del 1 abril de 2016)<\/b><\/h2>\n<ul>\n<li style=\"text-align: justify\"><span style=\"font-weight: 400\">Todos los agentes entrar\u00e1n con nivel 1, y pasados 6 meses pasar\u00e1n a nivel 2.<\/span><\/li>\n<li style=\"text-align: justify\"><span style=\"font-weight: 400\">El personal que acredite una antig\u00fcedad reconocida en el sector de agencias de viajes \u00a0de m\u00e1s de 3 a\u00f1os pasar\u00e1 al nivel 3 al cumplir un a\u00f1o en la empresa. En ese momento se le pagar\u00e1 retroactivamente la diferencia del nivel 1 al 3 de un a\u00f1o de servicio.<\/span><\/li>\n<li style=\"text-align: justify\"><span style=\"font-weight: 400\">El personal sin experiencia pasar\u00e1 al nivel 3 a los dos a\u00f1os.<\/span><\/li>\n<li style=\"text-align: justify\"><span style=\"font-weight: 400\">A partir del nivel 3, en aplicaci\u00f3n del convenio, se subir\u00e1 de nivel cada 3 a\u00f1os.<\/span><\/li>\n<\/ul>\n<p>[\/fusion_text][\/fusion_builder_column][\/fusion_builder_row][\/fusion_builder_container]    \t<\/p>\n","protected":false},"excerpt":{"rendered":"<p>[fusion_builder_container hundred_percent=\u00bbno\u00bb equal_height_columns=\u00bbno\u00bb menu_anchor=\u00bb\u00bb hide_on_mobile=\u00bbsmall-visibility,medium-visibility,large-visibility\u00bb class=\u00bb\u00bb id=\u00bb\u00bb background_color=\u00bb\u00bb background_image=\u00bb\u00bb background_position=\u00bbcenter center\u00bb background_repeat=\u00bbno-repeat\u00bb fade=\u00bbno\u00bb background_parallax=\u00bbnone\u00bb parallax_speed=\u00bb0.3&#8243; video_mp4=\u00bb\u00bb video_webm=\u00bb\u00bb video_ogv=\u00bb\u00bb video_url=\u00bb\u00bb video_aspect_ratio=\u00bb16:9&#8243; video_loop=\u00bbyes\u00bb video_mute=\u00bbyes\u00bb overlay_color=\u00bb\u00bb video_preview_image=\u00bb\u00bb border_size=\u00bb\u00bb border_color=\u00bb\u00bb border_style=\u00bbsolid\u00bb padding_top=\u00bb\u00bb padding_bottom=\u00bb\u00bb padding_left=\u00bb\u00bb &#8230; <a title=\"\u00bfCu\u00e1ndo sube mi sueldo en Vacaciones eDreams?\" class=\"read-more\" href=\"https:\/\/ccoo.app\/agencias\/cuando-sube-sueldo-vacaciones-edreams\/\" aria-label=\"Leer m\u00e1s sobre \u00bfCu\u00e1ndo sube mi sueldo en Vacaciones eDreams?\">Leer m\u00e1s<\/a><\/p>\n","protected":false},"author":5274,"featured_media":6163,"comment_status":"open","ping_status":"open","sticky":false,"template":"","format":"standard","meta":{"footnotes":""},"categories":[44],"tags":[],"class_list":["post-5337","post","type-post","status-publish","format-standard","has-post-thumbnail","hentry","category-vacaciones-edreams","generate-columns","tablet-grid-50","mobile-grid-100","grid-parent","grid-33"],"_links":{"self":[{"href":"https:\/\/ccoo.app\/agencias\/wp-json\/wp\/v2\/posts\/5337","targetHints":{"allow":["GET"]}}],"collection":[{"href":"https:\/\/ccoo.app\/agencias\/wp-json\/wp\/v2\/posts"}],"about":[{"href":"https:\/\/ccoo.app\/agencias\/wp-json\/wp\/v2\/types\/post"}],"author":[{"embeddable":true,"href":"https:\/\/ccoo.app\/agencias\/wp-json\/wp\/v2\/users\/5274"}],"replies":[{"embeddable":true,"href":"https:\/\/ccoo.app\/agencias\/wp-json\/wp\/v2\/comments?post=5337"}],"version-history":[{"count":0,"href":"https:\/\/ccoo.app\/agencias\/wp-json\/wp\/v2\/posts\/5337\/revisions"}],"wp:featuredmedia":[{"embeddable":true,"href":"https:\/\/ccoo.app\/agencias\/wp-json\/wp\/v2\/media\/6163"}],"wp:attachment":[{"href":"https:\/\/ccoo.app\/agencias\/wp-json\/wp\/v2\/media?parent=5337"}],"wp:term":[{"taxonomy":"category","embeddable":true,"href":"https:\/\/ccoo.app\/agencias\/wp-json\/wp\/v2\/categories?post=5337"},{"taxonomy":"post_tag","embeddable":true,"href":"https:\/\/ccoo.app\/agencias\/wp-json\/wp\/v2\/tags?post=5337"}],"curies":[{"name":"wp","href":"https:\/\/api.w.org\/{rel}","templated":true}]}}