{"id":5224,"date":"2016-03-10T18:06:35","date_gmt":"2016-03-10T17:06:35","guid":{"rendered":"http:\/\/ccooagencias.org\/?p=5224"},"modified":"2016-03-10T18:06:35","modified_gmt":"2016-03-10T17:06:35","slug":"huelga-edreams","status":"publish","type":"post","link":"https:\/\/ccoo.app\/agencias\/huelga-edreams\/","title":{"rendered":"Huelga eDreams (FR)"},"content":{"rendered":"<p>[fusion_builder_container hundred_percent=\u00bbno\u00bb equal_height_columns=\u00bbno\u00bb menu_anchor=\u00bb\u00bb hide_on_mobile=\u00bbsmall-visibility,medium-visibility,large-visibility\u00bb class=\u00bb\u00bb id=\u00bb\u00bb background_color=\u00bb\u00bb background_image=\u00bb\u00bb background_position=\u00bbcenter center\u00bb background_repeat=\u00bbno-repeat\u00bb fade=\u00bbno\u00bb background_parallax=\u00bbnone\u00bb parallax_speed=\u00bb0.3&#8243; video_mp4=\u00bb\u00bb video_webm=\u00bb\u00bb video_ogv=\u00bb\u00bb video_url=\u00bb\u00bb video_aspect_ratio=\u00bb16:9&#8243; video_loop=\u00bbyes\u00bb video_mute=\u00bbyes\u00bb overlay_color=\u00bb\u00bb video_preview_image=\u00bb\u00bb border_size=\u00bb\u00bb border_color=\u00bb\u00bb border_style=\u00bbsolid\u00bb padding_top=\u00bb\u00bb padding_bottom=\u00bb\u00bb padding_left=\u00bb\u00bb padding_right=\u00bb\u00bb][fusion_builder_row][fusion_builder_column type=\u00bb1_1&#8243; layout=\u00bb1_1&#8243; background_position=\u00bbleft top\u00bb background_color=\u00bb\u00bb border_size=\u00bb\u00bb border_color=\u00bb\u00bb border_style=\u00bbsolid\u00bb border_position=\u00bball\u00bb spacing=\u00bbyes\u00bb background_image=\u00bb\u00bb background_repeat=\u00bbno-repeat\u00bb padding=\u00bb\u00bb margin_top=\u00bb0px\u00bb margin_bottom=\u00bb0px\u00bb class=\u00bb\u00bb id=\u00bb\u00bb animation_type=\u00bb\u00bb animation_speed=\u00bb0.3&#8243; animation_direction=\u00bbleft\u00bb hide_on_mobile=\u00bbsmall-visibility,medium-visibility,large-visibility\u00bb center_content=\u00bbno\u00bb last=\u00bbno\u00bb min_height=\u00bb\u00bb hover_type=\u00bbnone\u00bb link=\u00bb\u00bb][fusion_text]<\/p>\n<h3 style=\"text-align: center\"><\/h3>\n<h3 style=\"text-align: center\"><u>Nota de prensa del comit\u00e9 de huelga de Vacaciones eDreams<\/u><\/h3>\n<h2 style=\"text-align: center\"><strong>HUELGA EDREAMS ODIGEO BCN\u00a0<\/strong><strong>POR UNAS CONDICIONES DIGNAS<\/strong><\/h2>\n<h4><strong>Lunes 14 de marzo de 11h30 a 12h30 y de 17h00 a 18h00<\/strong><\/h4>\n<p style=\"text-align: justify\"><strong>Huelga eDreams.<\/strong> Las trabajadoras y trabajadores del call center de Vacaciones eDreams Francia (en Barcelona), el mercado que mayor beneficio econ\u00f3mico aporta a la empresa, sufren un perjuicio econ\u00f3mico y psicosocial como consecuencia de una carga excesiva de trabajo, por lo que convocan una huelga de servicios el pr\u00f3ximo lunes 14 de marzo de 2016 para reivindicar mejoras en sus condiciones laborales.<\/p>\n<p style=\"text-align: justify\">Con motivo del cierre de las oficinas de Par\u00eds entre 2013 y 2014, el servicio de atenci\u00f3n al cliente de dos de las empresas que constituyen el grupo Odigeo, Go Voyages y Opodo, se traspasa a la oficina de Barcelona, que asume toda la carga del mercado franc\u00e9s sin que desde entonces se haya producido un aumento de plantilla.<\/p>\n<p style=\"text-align: justify\">Tras el intento fallido de llegar a un acuerdo con la empresa en el Tribunal Laboral de Catalunya, las trabajadoras y trabajadores ratifican la convocatoria de huelga debido a que la propuesta presentada por la parte empresarial es totalmente insuficiente y deja patente la mala fe en la negociaci\u00f3n. Dicha proposici\u00f3n pretende rebajar a\u00fan m\u00e1s las condiciones del propio convenio colectivo de agencias de viajes vigente.<\/p>\n<p style=\"text-align: justify\">Las peticiones del personal afectado son las siguientes:<\/p>\n<ol style=\"text-align: justify\">\n<li style=\"text-align: justify\">Un m\u00ednimo de 20 minutos de desconexi\u00f3n diarios como tiempo efectivo de trabajo para finalizar tareas, en lugar de hacerlo despu\u00e9s de la jornada laboral.<\/li>\n<\/ol>\n<ol style=\"text-align: justify\" start=\"2\">\n<li style=\"text-align: justify\">Tal como establece el convenio colectivo de agencias de viajes, subida a nivel 3 para agentes con antig\u00fcedad superior a 1 a\u00f1o, es decir un salario acorde a las competencias profesionales.<\/li>\n<\/ol>\n<ol start=\"3\">\n<li style=\"text-align: justify\">Constituir una comisi\u00f3n con el comit\u00e9 de empresa antes del 21 de marzo que estudie y proponga un nuevo plan de incentivos para toda la plantilla, reflejando un plus funci\u00f3n para el mercado franc\u00e9s.<\/li>\n<\/ol>\n<p style=\"text-align: right\">Barcelona, 10 de marzo de 2016.<\/p>\n<p style=\"text-align: right\">Psg. De la Zona Franca, 191 \u2013 205.<\/p>\n<p>[\/fusion_text][\/fusion_builder_column][\/fusion_builder_row][\/fusion_builder_container]    \t<\/p>\n","protected":false},"excerpt":{"rendered":"<p>[fusion_builder_container hundred_percent=\u00bbno\u00bb equal_height_columns=\u00bbno\u00bb menu_anchor=\u00bb\u00bb hide_on_mobile=\u00bbsmall-visibility,medium-visibility,large-visibility\u00bb class=\u00bb\u00bb id=\u00bb\u00bb background_color=\u00bb\u00bb background_image=\u00bb\u00bb background_position=\u00bbcenter center\u00bb background_repeat=\u00bbno-repeat\u00bb fade=\u00bbno\u00bb background_parallax=\u00bbnone\u00bb parallax_speed=\u00bb0.3&#8243; video_mp4=\u00bb\u00bb video_webm=\u00bb\u00bb video_ogv=\u00bb\u00bb video_url=\u00bb\u00bb video_aspect_ratio=\u00bb16:9&#8243; video_loop=\u00bbyes\u00bb video_mute=\u00bbyes\u00bb overlay_color=\u00bb\u00bb video_preview_image=\u00bb\u00bb border_size=\u00bb\u00bb border_color=\u00bb\u00bb border_style=\u00bbsolid\u00bb padding_top=\u00bb\u00bb padding_bottom=\u00bb\u00bb padding_left=\u00bb\u00bb &#8230; <a title=\"Huelga eDreams (FR)\" class=\"read-more\" href=\"https:\/\/ccoo.app\/agencias\/huelga-edreams\/\" aria-label=\"Leer m\u00e1s sobre Huelga eDreams (FR)\">Leer m\u00e1s<\/a><\/p>\n","protected":false},"author":5274,"featured_media":9000,"comment_status":"open","ping_status":"open","sticky":false,"template":"","format":"standard","meta":{"footnotes":""},"categories":[44],"tags":[],"class_list":["post-5224","post","type-post","status-publish","format-standard","has-post-thumbnail","hentry","category-vacaciones-edreams","generate-columns","tablet-grid-50","mobile-grid-100","grid-parent","grid-33"],"_links":{"self":[{"href":"https:\/\/ccoo.app\/agencias\/wp-json\/wp\/v2\/posts\/5224","targetHints":{"allow":["GET"]}}],"collection":[{"href":"https:\/\/ccoo.app\/agencias\/wp-json\/wp\/v2\/posts"}],"about":[{"href":"https:\/\/ccoo.app\/agencias\/wp-json\/wp\/v2\/types\/post"}],"author":[{"embeddable":true,"href":"https:\/\/ccoo.app\/agencias\/wp-json\/wp\/v2\/users\/5274"}],"replies":[{"embeddable":true,"href":"https:\/\/ccoo.app\/agencias\/wp-json\/wp\/v2\/comments?post=5224"}],"version-history":[{"count":0,"href":"https:\/\/ccoo.app\/agencias\/wp-json\/wp\/v2\/posts\/5224\/revisions"}],"wp:featuredmedia":[{"embeddable":true,"href":"https:\/\/ccoo.app\/agencias\/wp-json\/wp\/v2\/media\/9000"}],"wp:attachment":[{"href":"https:\/\/ccoo.app\/agencias\/wp-json\/wp\/v2\/media?parent=5224"}],"wp:term":[{"taxonomy":"category","embeddable":true,"href":"https:\/\/ccoo.app\/agencias\/wp-json\/wp\/v2\/categories?post=5224"},{"taxonomy":"post_tag","embeddable":true,"href":"https:\/\/ccoo.app\/agencias\/wp-json\/wp\/v2\/tags?post=5224"}],"curies":[{"name":"wp","href":"https:\/\/api.w.org\/{rel}","templated":true}]}}