{"id":5141,"date":"2016-02-08T10:29:39","date_gmt":"2016-02-08T09:29:39","guid":{"rendered":"http:\/\/ccooagencias.org\/?p=5141"},"modified":"2016-02-08T10:29:39","modified_gmt":"2016-02-08T09:29:39","slug":"css-cambios-comite-primeras-acciones-edificio","status":"publish","type":"post","link":"https:\/\/ccoo.app\/agencias\/css-cambios-comite-primeras-acciones-edificio\/","title":{"rendered":"CSS EIN: Cambios en el comit\u00e9 y primeras acciones en el edificio"},"content":{"rendered":"<p>[fusion_builder_container hundred_percent=\u00bbno\u00bb equal_height_columns=\u00bbno\u00bb menu_anchor=\u00bb\u00bb hide_on_mobile=\u00bbsmall-visibility,medium-visibility,large-visibility\u00bb class=\u00bb\u00bb id=\u00bb\u00bb background_color=\u00bb\u00bb background_image=\u00bb\u00bb background_position=\u00bbcenter center\u00bb background_repeat=\u00bbno-repeat\u00bb fade=\u00bbno\u00bb background_parallax=\u00bbnone\u00bb parallax_speed=\u00bb0.3&#8243; video_mp4=\u00bb\u00bb video_webm=\u00bb\u00bb video_ogv=\u00bb\u00bb video_url=\u00bb\u00bb video_aspect_ratio=\u00bb16:9&#8243; video_loop=\u00bbyes\u00bb video_mute=\u00bbyes\u00bb overlay_color=\u00bb\u00bb video_preview_image=\u00bb\u00bb border_size=\u00bb\u00bb border_color=\u00bb\u00bb border_style=\u00bbsolid\u00bb padding_top=\u00bb\u00bb padding_bottom=\u00bb\u00bb padding_left=\u00bb\u00bb padding_right=\u00bb\u00bb][fusion_builder_row][fusion_builder_column type=\u00bb1_1&#8243; layout=\u00bb1_1&#8243; background_position=\u00bbleft top\u00bb background_color=\u00bb\u00bb border_size=\u00bb\u00bb border_color=\u00bb\u00bb border_style=\u00bbsolid\u00bb border_position=\u00bball\u00bb spacing=\u00bbyes\u00bb background_image=\u00bb\u00bb background_repeat=\u00bbno-repeat\u00bb padding=\u00bb\u00bb margin_top=\u00bb0px\u00bb margin_bottom=\u00bb0px\u00bb class=\u00bb\u00bb id=\u00bb\u00bb animation_type=\u00bb\u00bb animation_speed=\u00bb0.3&#8243; animation_direction=\u00bbleft\u00bb hide_on_mobile=\u00bbsmall-visibility,medium-visibility,large-visibility\u00bb center_content=\u00bbno\u00bb last=\u00bbno\u00bb min_height=\u00bb\u00bb hover_type=\u00bbnone\u00bb link=\u00bb\u00bb][fusion_text]<\/p>\n<h2 style=\"text-align: justify\">CSS: Cambios y primeras acciones en el edificio<\/h2>\n<p style=\"text-align: justify\">En el CSS Nos gustar\u00eda informaros de que Andreia Cruz, delegada del comit\u00e9 de Seguridad y Salud de la RLT (Representaci\u00f3n legal de los trabajadores), ha sido reemplazada por Daniel Iba\u00f1ez, tambi\u00e9n miembro del comit\u00e9. As\u00ed mismo, por parte de la empresa, se ha reemplazado a Paloma Mu\u00f1iz por Francesc Pa\u00fcl. Los delegados de la RLT, vamos a seguir velando para que se cumplan todas las medidas y normativas que dicta la ley, pero tambi\u00e9n queremos contar con vuestra ayuda para que nos avis\u00e9is si ten\u00e9is cualquier duda o queja sobre temas de Higiene, Seguridad y Salud Laboral. Pod\u00e9is poneros en contacto con nosotros envi\u00e1ndonos un email a: css.ein@odigeo.com.<\/p>\n<p style=\"text-align: justify\">Queremos adelantaros, que los delegados de la RLT, hemos estado en conversaci\u00f3n con la empresa para que se mejoren y corrijan algunos aspectos de las instalaciones del edificio de Bail\u00e9n, siendo estos algunos de los puntos mas importantes:<\/p>\n<p style=\"text-align: justify\">&#8211; Los puestos de trabajo son demasiado reducidos para los trabajadores que han de utilizar diferentes dispositivos, documentaci\u00f3n, etc.<br \/>\n&#8211; Adecuada regulaci\u00f3n de temperatura y ventilaci\u00f3n en todas las plantas.<br \/>\n&#8211; Incomodidad en el uso de los ba\u00f1os tanto con los inodoros como en el secado de manos y en la ventilaci\u00f3n.<br \/>\n&#8211; Roturas de escalones y barandillas con zonas cortantes y esquinas muy pronunciadas.<br \/>\n&#8211; Las esquinas de madera que sobresalen y suponen un riesgo para los trabajadores se instalar\u00e1 chafl\u00e1n como medida de seguridad<\/p>\n<p style=\"text-align: justify\">Agradecemos vuestra colaboraci\u00f3n para mantener un buen ambiente de trabajo,<\/p>\n<p style=\"text-align: justify\">Los delegados de Seguridad y Salud de la RLT.<\/p>\n<p style=\"text-align: justify\"><a href=\"http:\/\/ccooagencias.org\/wp-content\/uploads\/2016\/02\/20160120021743.jpg\" rel=\"attachment wp-att-5161\"><img loading=\"lazy\" decoding=\"async\" class=\"size-medium wp-image-5161 alignleft\" src=\"http:\/\/ccooagencias.org\/wp-content\/uploads\/2016\/02\/20160120021743-300x199.jpg\" alt=\"CSS\" width=\"336\" height=\"225\" \/><\/a> <a href=\"http:\/\/ccoo.app\/agencias\/wp-content\/blogs.dir\/6\/files\/sites\/148\/2016\/02\/img_8979-1.jpg\" rel=\"attachment wp-att-5170\"><img loading=\"lazy\" decoding=\"async\" class=\"size-medium wp-image-5163 alignleft\" src=\"http:\/\/ccooagencias.org\/wp-content\/uploads\/2016\/02\/IMG_8979-300x225.jpg\" alt=\"IMG_8979\" width=\"300\" height=\"225\" \/><\/a><\/p>\n<p>[\/fusion_text][\/fusion_builder_column][\/fusion_builder_row][\/fusion_builder_container]    \t<\/p>\n","protected":false},"excerpt":{"rendered":"<p>[fusion_builder_container hundred_percent=\u00bbno\u00bb equal_height_columns=\u00bbno\u00bb menu_anchor=\u00bb\u00bb hide_on_mobile=\u00bbsmall-visibility,medium-visibility,large-visibility\u00bb class=\u00bb\u00bb id=\u00bb\u00bb background_color=\u00bb\u00bb background_image=\u00bb\u00bb background_position=\u00bbcenter center\u00bb background_repeat=\u00bbno-repeat\u00bb fade=\u00bbno\u00bb background_parallax=\u00bbnone\u00bb parallax_speed=\u00bb0.3&#8243; video_mp4=\u00bb\u00bb video_webm=\u00bb\u00bb video_ogv=\u00bb\u00bb video_url=\u00bb\u00bb video_aspect_ratio=\u00bb16:9&#8243; video_loop=\u00bbyes\u00bb video_mute=\u00bbyes\u00bb overlay_color=\u00bb\u00bb video_preview_image=\u00bb\u00bb border_size=\u00bb\u00bb border_color=\u00bb\u00bb border_style=\u00bbsolid\u00bb padding_top=\u00bb\u00bb padding_bottom=\u00bb\u00bb padding_left=\u00bb\u00bb &#8230; <a title=\"CSS EIN: Cambios en el comit\u00e9 y primeras acciones en el edificio\" class=\"read-more\" href=\"https:\/\/ccoo.app\/agencias\/css-cambios-comite-primeras-acciones-edificio\/\" aria-label=\"Leer m\u00e1s sobre CSS EIN: Cambios en el comit\u00e9 y primeras acciones en el edificio\">Leer m\u00e1s<\/a><\/p>\n","protected":false},"author":5274,"featured_media":0,"comment_status":"open","ping_status":"open","sticky":false,"template":"","format":"standard","meta":{"footnotes":""},"categories":[23],"tags":[101],"class_list":["post-5141","post","type-post","status-publish","format-standard","hentry","category-edreams-international-network","tag-salud-laboral","generate-columns","tablet-grid-50","mobile-grid-100","grid-parent","grid-33"],"_links":{"self":[{"href":"https:\/\/ccoo.app\/agencias\/wp-json\/wp\/v2\/posts\/5141","targetHints":{"allow":["GET"]}}],"collection":[{"href":"https:\/\/ccoo.app\/agencias\/wp-json\/wp\/v2\/posts"}],"about":[{"href":"https:\/\/ccoo.app\/agencias\/wp-json\/wp\/v2\/types\/post"}],"author":[{"embeddable":true,"href":"https:\/\/ccoo.app\/agencias\/wp-json\/wp\/v2\/users\/5274"}],"replies":[{"embeddable":true,"href":"https:\/\/ccoo.app\/agencias\/wp-json\/wp\/v2\/comments?post=5141"}],"version-history":[{"count":0,"href":"https:\/\/ccoo.app\/agencias\/wp-json\/wp\/v2\/posts\/5141\/revisions"}],"wp:attachment":[{"href":"https:\/\/ccoo.app\/agencias\/wp-json\/wp\/v2\/media?parent=5141"}],"wp:term":[{"taxonomy":"category","embeddable":true,"href":"https:\/\/ccoo.app\/agencias\/wp-json\/wp\/v2\/categories?post=5141"},{"taxonomy":"post_tag","embeddable":true,"href":"https:\/\/ccoo.app\/agencias\/wp-json\/wp\/v2\/tags?post=5141"}],"curies":[{"name":"wp","href":"https:\/\/api.w.org\/{rel}","templated":true}]}}