{"id":4766,"date":"2015-09-28T17:33:22","date_gmt":"2015-09-28T15:33:22","guid":{"rendered":"http:\/\/ccooagencias.org\/?p=4766"},"modified":"2015-09-28T17:33:22","modified_gmt":"2015-09-28T15:33:22","slug":"damien","status":"publish","type":"post","link":"https:\/\/ccoo.app\/agencias\/damien\/","title":{"rendered":"RESOLUCI\u00d3N DAMIEN"},"content":{"rendered":"<h2 style=\"text-align: justify\">Comunicado de las Secciones Sindicales de Vacaciones eDreams y eDreams International Network<\/h2>\n<p style=\"text-align: justify\">Os escribimos para informaros de que el litigio de Damien con la empresa ha llegado a su fin. Finalmente, el caso no llegar\u00e1 a tribunales porque que las dos partes han llegado a un acuerdo, con una compensaci\u00f3n econ\u00f3micamente superior a la fijada en caso de despido improcedente. Creemos que esta resoluci\u00f3n constituye, de hecho, la admisi\u00f3n de la mala praxis en el despido por parte de la empresa.<\/p>\n<p style=\"text-align: justify\">No era el desenlace que quer\u00edamos. Desde el principio, pedimos la readmisi\u00f3n por considerar inaceptable la represi\u00f3n de un trabajador por reivindicar mejoras para tod@s. Como sab\u00e9is, el despido fue motivado por la petici\u00f3n de Damien del cobro del plus de nocturnidad para sus compa\u00f1er@s y la sospecha por parte de la empresa de que pod\u00eda formar parte de la candidatura de CCOO en las primeras elecciones sindicales de eDreams International Network. Aunque la empresa no hubiera dado su brazo a torcer, confi\u00e1bamos en el reconocimiento de despido nulo por v\u00eda judicial.<\/p>\n<p style=\"text-align: justify\">Respetamos la decisi\u00f3n final de Damien de acabar con el desgaste psicol\u00f3gico por el que estaba pasando y no volver a un sitio donde no era bienvenido. Le deseamos mucha suerte en su nueva vida lejos de Odigeo.<\/p>\n<p style=\"text-align: justify\">Os agradecemos vuestro apoyo y deseamos que su caso sea el \u00faltimo en que un trabajador de Odigeo es despedido por motivos extralaborales, \u00a0por hablar claro y por luchar por sus compa\u00f1er@s. Esperamos tambi\u00e9n que la empresa tenga en lo sucesivo una actitud de respeto a los derechos de asociaci\u00f3n y representaci\u00f3n sindicales.<\/p>\n<p style=\"text-align: justify\">Nosotros, por si acaso, no tiramos las pancartas.<\/p>\n<p style=\"text-align: justify\">Un saludo a tod@s y buen trabajo!<\/p>\n","protected":false},"excerpt":{"rendered":"<p>Comunicado de las Secciones Sindicales de Vacaciones eDreams y eDreams International Network Os escribimos para informaros de que el litigio de Damien con la empresa ha llegado a su fin. &#8230; <a title=\"RESOLUCI\u00d3N DAMIEN\" class=\"read-more\" href=\"https:\/\/ccoo.app\/agencias\/damien\/\" aria-label=\"Leer m\u00e1s sobre RESOLUCI\u00d3N DAMIEN\">Leer m\u00e1s<\/a><\/p>\n","protected":false},"author":5274,"featured_media":4768,"comment_status":"open","ping_status":"open","sticky":false,"template":"","format":"standard","meta":{"footnotes":""},"categories":[23,44],"tags":[],"class_list":["post-4766","post","type-post","status-publish","format-standard","has-post-thumbnail","hentry","category-edreams-international-network","category-vacaciones-edreams","generate-columns","tablet-grid-50","mobile-grid-100","grid-parent","grid-33"],"_links":{"self":[{"href":"https:\/\/ccoo.app\/agencias\/wp-json\/wp\/v2\/posts\/4766","targetHints":{"allow":["GET"]}}],"collection":[{"href":"https:\/\/ccoo.app\/agencias\/wp-json\/wp\/v2\/posts"}],"about":[{"href":"https:\/\/ccoo.app\/agencias\/wp-json\/wp\/v2\/types\/post"}],"author":[{"embeddable":true,"href":"https:\/\/ccoo.app\/agencias\/wp-json\/wp\/v2\/users\/5274"}],"replies":[{"embeddable":true,"href":"https:\/\/ccoo.app\/agencias\/wp-json\/wp\/v2\/comments?post=4766"}],"version-history":[{"count":0,"href":"https:\/\/ccoo.app\/agencias\/wp-json\/wp\/v2\/posts\/4766\/revisions"}],"wp:featuredmedia":[{"embeddable":true,"href":"https:\/\/ccoo.app\/agencias\/wp-json\/wp\/v2\/media\/4768"}],"wp:attachment":[{"href":"https:\/\/ccoo.app\/agencias\/wp-json\/wp\/v2\/media?parent=4766"}],"wp:term":[{"taxonomy":"category","embeddable":true,"href":"https:\/\/ccoo.app\/agencias\/wp-json\/wp\/v2\/categories?post=4766"},{"taxonomy":"post_tag","embeddable":true,"href":"https:\/\/ccoo.app\/agencias\/wp-json\/wp\/v2\/tags?post=4766"}],"curies":[{"name":"wp","href":"https:\/\/api.w.org\/{rel}","templated":true}]}}