{"id":4735,"date":"2015-09-10T16:00:08","date_gmt":"2015-09-10T14:00:08","guid":{"rendered":"http:\/\/ccooagencias.org\/?p=4735"},"modified":"2015-09-10T16:00:08","modified_gmt":"2015-09-10T14:00:08","slug":"visita-nuevas-instalaciones","status":"publish","type":"post","link":"https:\/\/ccoo.app\/agencias\/visita-nuevas-instalaciones\/","title":{"rendered":"Visita nuevas instalaciones"},"content":{"rendered":"<p>[fusion_builder_container hundred_percent=\u00bbno\u00bb equal_height_columns=\u00bbno\u00bb menu_anchor=\u00bb\u00bb hide_on_mobile=\u00bbsmall-visibility,medium-visibility,large-visibility\u00bb class=\u00bb\u00bb id=\u00bb\u00bb background_color=\u00bb\u00bb background_image=\u00bb\u00bb background_position=\u00bbcenter center\u00bb background_repeat=\u00bbno-repeat\u00bb fade=\u00bbno\u00bb background_parallax=\u00bbnone\u00bb parallax_speed=\u00bb0.3&#8243; video_mp4=\u00bb\u00bb video_webm=\u00bb\u00bb video_ogv=\u00bb\u00bb video_url=\u00bb\u00bb video_aspect_ratio=\u00bb16:9&#8243; video_loop=\u00bbyes\u00bb video_mute=\u00bbyes\u00bb overlay_color=\u00bb\u00bb video_preview_image=\u00bb\u00bb border_size=\u00bb\u00bb border_color=\u00bb\u00bb border_style=\u00bbsolid\u00bb padding_top=\u00bb\u00bb padding_bottom=\u00bb\u00bb padding_left=\u00bb\u00bb padding_right=\u00bb\u00bb][fusion_builder_row][fusion_builder_column type=\u00bb1_1&#8243; layout=\u00bb1_1&#8243; background_position=\u00bbleft top\u00bb background_color=\u00bb\u00bb border_size=\u00bb\u00bb border_color=\u00bb\u00bb border_style=\u00bbsolid\u00bb border_position=\u00bball\u00bb spacing=\u00bbyes\u00bb background_image=\u00bb\u00bb background_repeat=\u00bbno-repeat\u00bb padding=\u00bb\u00bb margin_top=\u00bb0px\u00bb margin_bottom=\u00bb0px\u00bb class=\u00bb\u00bb id=\u00bb\u00bb animation_type=\u00bb\u00bb animation_speed=\u00bb0.3&#8243; animation_direction=\u00bbleft\u00bb hide_on_mobile=\u00bbsmall-visibility,medium-visibility,large-visibility\u00bb center_content=\u00bbno\u00bb last=\u00bbno\u00bb min_height=\u00bb\u00bb hover_type=\u00bbnone\u00bb link=\u00bb\u00bb][fusion_text]<\/p>\n<p style=\"text-align: justify\"><span style=\"font-weight: 400\">El d\u00eda 01 de septiembre varios miembros del Comit\u00e9, junto con el Comit\u00e9 de Seguridad y Salud, RRHH y algunos trabajador@s, asistieron a la \u201cvisita oficial\u201d a las nuevas instalaciones de Vacaciones eDreams en el Pg de la Zona Franca, as\u00ed que queremos compartir con vosotros nuestras primeras impresiones.<\/span><\/p>\n<p style=\"text-align: justify\"><span style=\"font-weight: 400\">En primer lugar hay que tener en cuenta que el local es nuevo y est\u00e1 completamente vac\u00edo, con ventanas amplias, mucha luz y reci\u00e9n pintado, por lo que el espacio, a primera vista, es agradable.<\/span><\/p>\n<p style=\"text-align: justify\"><span style=\"font-weight: 400\">No obstante, hemos analizado los detalles y no nos salen las cuentas.<\/span><\/p>\n<p style=\"text-align: justify\"><a href=\"http:\/\/ccooagencias.org\/wp-content\/uploads\/2015\/09\/image2-e1441906059402.jpeg\"><img loading=\"lazy\" decoding=\"async\" class=\" size-medium wp-image-4741 alignleft\" src=\"http:\/\/ccooagencias.org\/wp-content\/uploads\/2015\/09\/image2-e1441906059402-224x300.jpeg\" alt=\"nuevas instalaciones VED1\" width=\"224\" height=\"300\" srcset=\"https:\/\/ccoo.app\/agencias\/wp-content\/blogs.dir\/6\/files\/sites\/148\/2015\/09\/image2-e1441906059402-224x300.jpeg 224w, https:\/\/ccoo.app\/agencias\/wp-content\/blogs.dir\/6\/files\/sites\/148\/2015\/09\/image2-e1441906059402.jpeg 478w\" sizes=\"auto, (max-width: 224px) 100vw, 224px\" \/><\/a><\/p>\n<p style=\"text-align: justify\"><span style=\"font-weight: 400\">El local tiene 1700m2. La legislaci\u00f3n vigente establece un m\u00ednimo de 2m2 por persona y 10m3 libres por trabajador@, existiendo siempre un pasillo con una anchura m\u00ednima de 1 m. Vacaciones eDreams tiene actualmente una plantilla de aproximadamente 400 trabajador@s. Adem\u00e1s se deben facilitar espacios para las impresoras, armarios y cajones de reciclaje y destrucci\u00f3n de documentos confidenciales, salas de reuniones y formaci\u00f3n, la sala de primeros auxilios, la sala de la Secci\u00f3n Sindical, la sala de servidores, el almac\u00e9n para material de oficina y limpieza, las taquillas y percheros, la zona de vending y el comedor, \u00a0debidamente insonorizado, con fregadero, microondas, neveras, mesas sillas y extractores para eliminar olores.<\/span><\/p>\n<p style=\"text-align: justify\"><span style=\"font-weight: 400\">El n\u00famero de retretes y lavabos tambi\u00e9n parece insuficiente para el volumen de plantilla, puesto que s\u00f3lo hay dos espacios con cuatro ba\u00f1os cada uno, es decir, 8 ba\u00f1os para mujeres y 8 ba\u00f1os para hombres.<\/span><\/p>\n<p style=\"text-align: justify\"><span style=\"font-weight: 400\">Preguntamos a la empresa c\u00f3mo pensaba controlar los accesos al recinto y nos informaron de que posiblemente colocar\u00e1n tornos en las puertas. A este respecto debemos recordar que, de acuerdo con el Real Decreto de indicaciones m\u00ednimas de los Lugares de Trabajo, (1) en caso de peligro, los trabajadores deber\u00e1n poder evacuar todos los lugares de trabajo r\u00e1pidamente y en condiciones de m\u00e1xima seguridad, (2) las puertas de em<a href=\"http:\/\/ccooagencias.org\/wp-content\/uploads\/2015\/09\/image5-e1441906185637.jpeg\"><img loading=\"lazy\" decoding=\"async\" class=\"alignright size-medium wp-image-4742\" src=\"http:\/\/ccooagencias.org\/wp-content\/uploads\/2015\/09\/image5-e1441906185637-300x224.jpeg\" alt=\"nuevas instalaciones VED2\" width=\"300\" height=\"224\" srcset=\"https:\/\/ccoo.app\/agencias\/wp-content\/blogs.dir\/6\/files\/sites\/148\/2015\/09\/image5-e1441906185637-300x224.jpeg 300w, https:\/\/ccoo.app\/agencias\/wp-content\/blogs.dir\/6\/files\/sites\/148\/2015\/09\/image5-e1441906185637.jpeg 639w\" sizes=\"auto, (max-width: 300px) 100vw, 300px\" \/><\/a>ergencia deber\u00e1n abrirse hacia el exterior y no deber\u00e1n estar cerradas, de forma que cualquier persona que necesite utilizarlas en caso de urgencia pueda abrirlas f\u00e1cil e inmediatamente, (3) las v\u00edas y salidas de evacuaci\u00f3n, as\u00ed como las v\u00edas de circulaci\u00f3n que den acceso a ellas, no deber\u00e1n estar obstruidas por ning\u00fan objeto de manera que puedan utilizarse sin trabas en cualquier momento. Las puertas de emergencia no deber\u00e1n cerrarse con llave. Por tanto, no creemos que los tornos deban colocarse en las entradas a la oficina, sino en el vest\u00edbulo de acceso desde la calle o sustituir este m\u00e9todo por otro que no obstruya el paso.<\/span><\/p>\n<p style=\"text-align: justify\"><span style=\"font-weight: 400\">Asimismo recordamos a la empresa la importancia de la iluminaci\u00f3n y ventilaci\u00f3n de las instalaciones, las condiciones ambientales, las cuales no deben \u00a0presentar un riesgo para la seguridad y la salud de los trabajadores ni constituir una fuente de incomodidad o molestia, deben evitarse las temperaturas y las humedades extremas, el ambiente viciado y los olores desagradables, los cambios bruscos de temperatura, las corrientes de aire molestas, y en particular, la radiaci\u00f3n solar a trav\u00e9s de ventanas, luces o tabiques acristalados. Se\u00f1alamos estos puntos para evitar que se repitan los problemas que hemos tenido a este respecto en las actuales oficinas. <\/span><\/p>\n<p style=\"text-align: justify\"><span style=\"font-weight: 400\">Nos parece igu<img loading=\"lazy\" decoding=\"async\" class=\" size-medium wp-image-4743 alignleft\" src=\"http:\/\/ccooagencias.org\/wp-content\/uploads\/2015\/09\/image1-e1441906253120-224x300.jpeg\" alt=\"nuevas instalaciones VED3\" width=\"224\" height=\"300\" srcset=\"https:\/\/ccoo.app\/agencias\/wp-content\/blogs.dir\/6\/files\/sites\/148\/2015\/09\/image1-e1441906253120-224x300.jpeg 224w, https:\/\/ccoo.app\/agencias\/wp-content\/blogs.dir\/6\/files\/sites\/148\/2015\/09\/image1-e1441906253120.jpeg 478w\" sizes=\"auto, (max-width: 224px) 100vw, 224px\" \/>almente importante la limpieza de los espacios de trabajo, puesto que la empresa contratada actualmente no ofrece un servicio satisfactorio. <\/span><\/p>\n<p style=\"text-align: justify\"><span style=\"font-weight: 400\">Estos son s\u00f3lo algunos de los requisitos m\u00ednimos que contempla la ley y que nos parecen absolutamente imprescindibles. Sin embargo, esperamos que la empresa tenga en cuenta la legislaci\u00f3n vigente en materia de Seguridad y Salud y adapte las nuevas instalaciones de conformidad con el marco legal vigente antes de que se lleva a cabo antes del traslado efectivo de la plantilla. Esta normativa ha sido comunicada a la empresa a trav\u00e9s de carta.<\/span><\/p>\n<p style=\"text-align: justify\"><span style=\"font-weight: 400\">Si ten\u00e9is alg\u00fan comentario o sugerencia o simplemente quer\u00e9is compartir vuestra opini\u00f3n sobre las nuevas instalaciones, no dud\u00e9is rellenar el formulario de comentarios m\u00e1s abajo.<\/span><\/p>\n<p>[\/fusion_text][\/fusion_builder_column][\/fusion_builder_row][\/fusion_builder_container]    \t<\/p>\n","protected":false},"excerpt":{"rendered":"<p>[fusion_builder_container hundred_percent=\u00bbno\u00bb equal_height_columns=\u00bbno\u00bb menu_anchor=\u00bb\u00bb hide_on_mobile=\u00bbsmall-visibility,medium-visibility,large-visibility\u00bb class=\u00bb\u00bb id=\u00bb\u00bb background_color=\u00bb\u00bb background_image=\u00bb\u00bb background_position=\u00bbcenter center\u00bb background_repeat=\u00bbno-repeat\u00bb fade=\u00bbno\u00bb background_parallax=\u00bbnone\u00bb parallax_speed=\u00bb0.3&#8243; video_mp4=\u00bb\u00bb video_webm=\u00bb\u00bb video_ogv=\u00bb\u00bb video_url=\u00bb\u00bb video_aspect_ratio=\u00bb16:9&#8243; video_loop=\u00bbyes\u00bb video_mute=\u00bbyes\u00bb overlay_color=\u00bb\u00bb video_preview_image=\u00bb\u00bb border_size=\u00bb\u00bb border_color=\u00bb\u00bb border_style=\u00bbsolid\u00bb padding_top=\u00bb\u00bb padding_bottom=\u00bb\u00bb padding_left=\u00bb\u00bb &#8230; <a title=\"Visita nuevas instalaciones\" class=\"read-more\" href=\"https:\/\/ccoo.app\/agencias\/visita-nuevas-instalaciones\/\" aria-label=\"Leer m\u00e1s sobre Visita nuevas instalaciones\">Leer m\u00e1s<\/a><\/p>\n","protected":false},"author":5274,"featured_media":6183,"comment_status":"open","ping_status":"open","sticky":false,"template":"","format":"standard","meta":{"footnotes":""},"categories":[44],"tags":[],"class_list":["post-4735","post","type-post","status-publish","format-standard","has-post-thumbnail","hentry","category-vacaciones-edreams","generate-columns","tablet-grid-50","mobile-grid-100","grid-parent","grid-33"],"_links":{"self":[{"href":"https:\/\/ccoo.app\/agencias\/wp-json\/wp\/v2\/posts\/4735","targetHints":{"allow":["GET"]}}],"collection":[{"href":"https:\/\/ccoo.app\/agencias\/wp-json\/wp\/v2\/posts"}],"about":[{"href":"https:\/\/ccoo.app\/agencias\/wp-json\/wp\/v2\/types\/post"}],"author":[{"embeddable":true,"href":"https:\/\/ccoo.app\/agencias\/wp-json\/wp\/v2\/users\/5274"}],"replies":[{"embeddable":true,"href":"https:\/\/ccoo.app\/agencias\/wp-json\/wp\/v2\/comments?post=4735"}],"version-history":[{"count":0,"href":"https:\/\/ccoo.app\/agencias\/wp-json\/wp\/v2\/posts\/4735\/revisions"}],"wp:featuredmedia":[{"embeddable":true,"href":"https:\/\/ccoo.app\/agencias\/wp-json\/wp\/v2\/media\/6183"}],"wp:attachment":[{"href":"https:\/\/ccoo.app\/agencias\/wp-json\/wp\/v2\/media?parent=4735"}],"wp:term":[{"taxonomy":"category","embeddable":true,"href":"https:\/\/ccoo.app\/agencias\/wp-json\/wp\/v2\/categories?post=4735"},{"taxonomy":"post_tag","embeddable":true,"href":"https:\/\/ccoo.app\/agencias\/wp-json\/wp\/v2\/tags?post=4735"}],"curies":[{"name":"wp","href":"https:\/\/api.w.org\/{rel}","templated":true}]}}