{"id":4559,"date":"2014-12-10T19:40:48","date_gmt":"2014-12-10T18:40:48","guid":{"rendered":"http:\/\/ccooagencias.org\/?p=4559"},"modified":"2014-12-10T19:40:48","modified_gmt":"2014-12-10T18:40:48","slug":"premio-huella-sindical","status":"publish","type":"post","link":"https:\/\/ccoo.app\/agencias\/premio-huella-sindical\/","title":{"rendered":"Premio HUELLA SINDICAL"},"content":{"rendered":"<p>[fusion_builder_container hundred_percent=\u00bbno\u00bb equal_height_columns=\u00bbno\u00bb menu_anchor=\u00bb\u00bb hide_on_mobile=\u00bbsmall-visibility,medium-visibility,large-visibility\u00bb class=\u00bb\u00bb id=\u00bb\u00bb background_color=\u00bb\u00bb background_image=\u00bb\u00bb background_position=\u00bbcenter center\u00bb background_repeat=\u00bbno-repeat\u00bb fade=\u00bbno\u00bb background_parallax=\u00bbnone\u00bb parallax_speed=\u00bb0.3&#8243; video_mp4=\u00bb\u00bb video_webm=\u00bb\u00bb video_ogv=\u00bb\u00bb video_url=\u00bb\u00bb video_aspect_ratio=\u00bb16:9&#8243; video_loop=\u00bbyes\u00bb video_mute=\u00bbyes\u00bb overlay_color=\u00bb\u00bb video_preview_image=\u00bb\u00bb border_size=\u00bb\u00bb border_color=\u00bb\u00bb border_style=\u00bbsolid\u00bb padding_top=\u00bb\u00bb padding_bottom=\u00bb\u00bb padding_left=\u00bb\u00bb padding_right=\u00bb\u00bb][fusion_builder_row][fusion_builder_column type=\u00bb1_1&#8243; layout=\u00bb1_1&#8243; background_position=\u00bbleft top\u00bb background_color=\u00bb\u00bb border_size=\u00bb\u00bb border_color=\u00bb\u00bb border_style=\u00bbsolid\u00bb border_position=\u00bball\u00bb spacing=\u00bbyes\u00bb background_image=\u00bb\u00bb background_repeat=\u00bbno-repeat\u00bb padding=\u00bb\u00bb margin_top=\u00bb0px\u00bb margin_bottom=\u00bb0px\u00bb class=\u00bb\u00bb id=\u00bb\u00bb animation_type=\u00bb\u00bb animation_speed=\u00bb0.3&#8243; animation_direction=\u00bbleft\u00bb hide_on_mobile=\u00bbsmall-visibility,medium-visibility,large-visibility\u00bb center_content=\u00bbno\u00bb last=\u00bbno\u00bb min_height=\u00bb\u00bb hover_type=\u00bbnone\u00bb link=\u00bb\u00bb][fusion_text]<\/p>\n<p style=\"text-align: justify;line-height: 18.0pt\"><span style=\"font-size: 12.0pt;font-family: Verdana;color: black\">Tras ele evento Huella Sindical 2014, agradecemos a las afiliadas y afiliados de eDreams, que componen nuestra Secci\u00f3n Sindical, su implicaci\u00f3n y participaci\u00f3n diaria, que han hecho que muchas de nuestras reivindicaciones hayan llegado a buen puerto.<\/span><\/p>\n<p style=\"text-align: justify;line-height: 18.0pt\"><span style=\"font-size: 12.0pt;font-family: Verdana;color: black\">Por eso, y con la voluntad de extender este reconocimiento a los compa\u00f1er@s de las Secciones Sindicales de CCOO del Sector Agencias de Viajes y a los colaboradores que desde nuestro sindicato nos brindan su apoyo constante, este pasado 10 de diciembre celebramos el primer evento \u201cHuella Sindical\u201d.<\/span><\/p>\n<p style=\"text-align: justify;line-height: 18.0pt\"><span style=\"font-size: 12.0pt;font-family: Verdana;color: black\">El acto estuvo amenizado por las actuaciones de nuestros compa\u00f1eros, que acompa\u00f1aron la entrega de obsequios de reconocimiento. Las secciones sindicales premiadas fueron Costa Cruceros, Halc\u00f3n Viajes, Carlson Wagonlit y Vacaciones eDreams.<\/span><\/p>\n<p style=\"text-align: justify;line-height: 18.0pt\"><span style=\"font-size: 12.0pt;font-family: Verdana;color: black\">El premio de la Huella Sindical a la Secci\u00f3n Sindical de eDreams es fruto de un trabajo con vigor y con el reconocimiento de todos los miembros de la organizaci\u00f3n que a cada d\u00eda nos hace m\u00e1s fuertes.<\/span><\/p>\n<p style=\"text-align: justify;line-height: 18.0pt\"><span style=\"font-size: 12.0pt;font-family: Verdana;color: black\">Despu\u00e9s del acto tuvimos la ocasi\u00f3n de confraternizar alrededor de la mesa y conservar un recuerdo del evento en el photocall.<\/span><\/p>\n<p>[\/fusion_text][\/fusion_builder_column][\/fusion_builder_row][\/fusion_builder_container]    \t<\/p>\n","protected":false},"excerpt":{"rendered":"<p>La Secci\u00f3n Sindical de eDreams fue galardonada con el premio Huella Sindical 2014, evento de reconocimiento a afiliados y afiliadas del sector Agencias de Viajes.<\/p>\n","protected":false},"author":5274,"featured_media":6212,"comment_status":"closed","ping_status":"open","sticky":false,"template":"","format":"standard","meta":{"footnotes":""},"categories":[44],"tags":[],"class_list":["post-4559","post","type-post","status-publish","format-standard","has-post-thumbnail","hentry","category-vacaciones-edreams","generate-columns","tablet-grid-50","mobile-grid-100","grid-parent","grid-33"],"_links":{"self":[{"href":"https:\/\/ccoo.app\/agencias\/wp-json\/wp\/v2\/posts\/4559","targetHints":{"allow":["GET"]}}],"collection":[{"href":"https:\/\/ccoo.app\/agencias\/wp-json\/wp\/v2\/posts"}],"about":[{"href":"https:\/\/ccoo.app\/agencias\/wp-json\/wp\/v2\/types\/post"}],"author":[{"embeddable":true,"href":"https:\/\/ccoo.app\/agencias\/wp-json\/wp\/v2\/users\/5274"}],"replies":[{"embeddable":true,"href":"https:\/\/ccoo.app\/agencias\/wp-json\/wp\/v2\/comments?post=4559"}],"version-history":[{"count":0,"href":"https:\/\/ccoo.app\/agencias\/wp-json\/wp\/v2\/posts\/4559\/revisions"}],"wp:featuredmedia":[{"embeddable":true,"href":"https:\/\/ccoo.app\/agencias\/wp-json\/wp\/v2\/media\/6212"}],"wp:attachment":[{"href":"https:\/\/ccoo.app\/agencias\/wp-json\/wp\/v2\/media?parent=4559"}],"wp:term":[{"taxonomy":"category","embeddable":true,"href":"https:\/\/ccoo.app\/agencias\/wp-json\/wp\/v2\/categories?post=4559"},{"taxonomy":"post_tag","embeddable":true,"href":"https:\/\/ccoo.app\/agencias\/wp-json\/wp\/v2\/tags?post=4559"}],"curies":[{"name":"wp","href":"https:\/\/api.w.org\/{rel}","templated":true}]}}