{"id":4551,"date":"2016-12-13T18:53:04","date_gmt":"2016-12-13T17:53:04","guid":{"rendered":"http:\/\/ccooagencias.org\/?p=4551"},"modified":"2016-12-13T18:53:04","modified_gmt":"2016-12-13T17:53:04","slug":"tiempo-descanso-por-freedesk","status":"publish","type":"post","link":"https:\/\/ccoo.app\/agencias\/tiempo-descanso-por-freedesk\/","title":{"rendered":"FreeDesk ofrece d\u00edas extras de vacaciones"},"content":{"rendered":"<p>[fusion_builder_container hundred_percent=\u00bbno\u00bb equal_height_columns=\u00bbno\u00bb menu_anchor=\u00bb\u00bb hide_on_mobile=\u00bbsmall-visibility,medium-visibility,large-visibility\u00bb class=\u00bb\u00bb id=\u00bb\u00bb background_color=\u00bb\u00bb background_image=\u00bb\u00bb background_position=\u00bbcenter center\u00bb background_repeat=\u00bbno-repeat\u00bb fade=\u00bbno\u00bb background_parallax=\u00bbnone\u00bb parallax_speed=\u00bb0.3&#8243; video_mp4=\u00bb\u00bb video_webm=\u00bb\u00bb video_ogv=\u00bb\u00bb video_url=\u00bb\u00bb video_aspect_ratio=\u00bb16:9&#8243; video_loop=\u00bbyes\u00bb video_mute=\u00bbyes\u00bb overlay_color=\u00bb\u00bb video_preview_image=\u00bb\u00bb border_size=\u00bb\u00bb border_color=\u00bb\u00bb border_style=\u00bbsolid\u00bb padding_top=\u00bb\u00bb padding_bottom=\u00bb\u00bb padding_left=\u00bb\u00bb padding_right=\u00bb\u00bb][fusion_builder_row][fusion_builder_column type=\u00bb1_1&#8243; layout=\u00bb1_1&#8243; background_position=\u00bbleft top\u00bb background_color=\u00bb\u00bb border_size=\u00bb\u00bb border_color=\u00bb\u00bb border_style=\u00bbsolid\u00bb border_position=\u00bball\u00bb spacing=\u00bbyes\u00bb background_image=\u00bb\u00bb background_repeat=\u00bbno-repeat\u00bb padding_top=\u00bb\u00bb padding_right=\u00bb\u00bb padding_bottom=\u00bb\u00bb padding_left=\u00bb\u00bb margin_top=\u00bb0px\u00bb margin_bottom=\u00bb0px\u00bb class=\u00bb\u00bb id=\u00bb\u00bb animation_type=\u00bb\u00bb animation_speed=\u00bb0.3&#8243; animation_direction=\u00bbleft\u00bb hide_on_mobile=\u00bbsmall-visibility,medium-visibility,large-visibility\u00bb center_content=\u00bbno\u00bb last=\u00bbno\u00bb min_height=\u00bb\u00bb hover_type=\u00bbnone\u00bb link=\u00bb\u00bb][fusion_text]<\/p>\n<h2><em>FreeDesk<\/em> es fruto de la negociaci\u00f3n colectiva<\/h2>\n<p style=\"text-align: justify\"><span style=\"color: #000000\">Fruto de la negociaci\u00f3n colectiva, CCOO logr\u00f3 m\u00e1s tiempo de descanso por freedesk, despu\u00e9s que este sistema se puso en marcha el 05 de enero de 2015, lo que suposo que los agentes de call center extiendan diariamente su jornada laboral varios minutos.<\/span><\/p>\n<p style=\"text-align: justify\"><span style=\"color: #000000\">Debido a que es inaceptable que la plantilla tenga que destinar parte de su tiempo libre a acondicionar el puesto de trabajo, CCOO insisti\u00f3 durante dos meses en la necesidad de compensar este tiempo adicional y consigui\u00f3 que la Empresa accediera a solicitar, a trav\u00e9s del Tribunal Laboral de Catalunya, la asistencia de una Comisi\u00f3n T\u00e9cnica Externa cuyo objetivo era \u201c<em>determinar el tiempo adicional que supone el acondicionamiento del puesto de trabajo respecto al sistema antiguo con las nuevas directrices implantadas por la empresa, tanto para el inicio como para la finalizaci\u00f3n de la jornada\u201d<\/em>.<\/span><\/p>\n<p style=\"text-align: justify\"><span style=\"color: #000000\">Los miembros de la Comisi\u00f3n T\u00e9cnica de Organizaci\u00f3n del Trabajo del TLC, un representante de la patronal y otro de la parte social, realizaron la medici\u00f3n el pasado 26 de febrero. <\/span><\/p>\n<p style=\"text-align: justify\"><span style=\"color: #000000\">El estudio ratifica la postura de CCOO: el nuevo sistema de \u00abfree desk\u00bb supone un perjuicio a l@s trabajador@s puesto que se ha producido un incremento importante del tiempo de trabajo, de acuerdo con los c\u00e1lculos de la Comisi\u00f3n T\u00e9cnica de Organizaci\u00f3n del Trabajo, exactamente un total de 5,73 minutos diarios.<\/span><\/p>\n<p>[\/fusion_text][\/fusion_builder_column][\/fusion_builder_row][\/fusion_builder_container][fusion_builder_container hundred_percent=\u00bbyes\u00bb overflow=\u00bbvisible\u00bb margin_top=\u00bb5px\u00bb margin_bottom=\u00bb\u00bb][fusion_builder_row][fusion_builder_column type=\u00bb1_1&#8243; layout=\u00bb1_1&#8243; background_position=\u00bbleft top\u00bb background_color=\u00bb\u00bb border_size=\u00bb\u00bb border_color=\u00bb\u00bb border_style=\u00bbsolid\u00bb spacing=\u00bbyes\u00bb background_image=\u00bb\u00bb background_repeat=\u00bbno-repeat\u00bb padding_top=\u00bb\u00bb padding_right=\u00bb\u00bb padding_bottom=\u00bb\u00bb padding_left=\u00bb\u00bb margin_top=\u00bb0px\u00bb margin_bottom=\u00bb0px\u00bb class=\u00bb\u00bb id=\u00bb\u00bb animation_type=\u00bb\u00bb animation_speed=\u00bb0.3&#8243; animation_direction=\u00bbleft\u00bb hide_on_mobile=\u00bbno\u00bb center_content=\u00bbno\u00bb min_height=\u00bbnone\u00bb last=\u00bbno\u00bb hover_type=\u00bbnone\u00bb link=\u00bb\u00bb border_position=\u00bball\u00bb][fusion_separator style_type=\u00bbnone\u00bb sep_color=\u00bb\u00bb border_size=\u00bb\u00bb icon=\u00bb\u00bb icon_circle=\u00bb\u00bb icon_circle_color=\u00bb\u00bb width=\u00bb\u00bb alignment=\u00bbcenter\u00bb class=\u00bb\u00bb id=\u00bb\u00bb \/][fusion_text]<\/p>\n<blockquote><p><em>\u00abLa despersonalizaci\u00f3n del lugar de trabajo ofrecido por el freedesk da lugar a m\u00e1s d\u00edas extras de vacaciones, un logro de la acci\u00f3n sindical.<\/em>\u00ab<\/p><\/blockquote>\n<p>[\/fusion_text][\/fusion_builder_column][\/fusion_builder_row][\/fusion_builder_container][fusion_builder_container hundred_percent=\u00bbyes\u00bb overflow=\u00bbvisible\u00bb margin_top=\u00bb20px\u00bb margin_bottom=\u00bb\u00bb][fusion_builder_row][fusion_builder_column type=\u00bb1_1&#8243; layout=\u00bb1_1&#8243; background_position=\u00bbleft top\u00bb background_color=\u00bb\u00bb border_size=\u00bb\u00bb border_color=\u00bb\u00bb border_style=\u00bbsolid\u00bb spacing=\u00bbyes\u00bb background_image=\u00bb\u00bb background_repeat=\u00bbno-repeat\u00bb padding_top=\u00bb\u00bb padding_right=\u00bb\u00bb padding_bottom=\u00bb\u00bb padding_left=\u00bb\u00bb margin_top=\u00bb0px\u00bb margin_bottom=\u00bb0px\u00bb class=\u00bb\u00bb id=\u00bb\u00bb animation_type=\u00bb\u00bb animation_speed=\u00bb0.3&#8243; animation_direction=\u00bbleft\u00bb hide_on_mobile=\u00bbno\u00bb center_content=\u00bbno\u00bb min_height=\u00bbnone\u00bb last=\u00bbno\u00bb hover_type=\u00bbnone\u00bb link=\u00bb\u00bb border_position=\u00bball\u00bb][fusion_separator style_type=\u00bbnone\u00bb sep_color=\u00bb\u00bb border_size=\u00bb\u00bb icon=\u00bb\u00bb icon_circle=\u00bb\u00bb icon_circle_color=\u00bb\u00bb width=\u00bb\u00bb alignment=\u00bbcenter\u00bb class=\u00bb\u00bb id=\u00bb\u00bb \/][fusion_text columns=\u00bb\u00bb column_min_width=\u00bb\u00bb column_spacing=\u00bb\u00bb rule_style=\u00bbdefault\u00bb rule_size=\u00bb\u00bb rule_color=\u00bb\u00bb hide_on_mobile=\u00bbsmall-visibility,medium-visibility,large-visibility\u00bb class=\u00bb\u00bb id=\u00bb\u00bb]<\/p>\n<h3><b>El <em>freedesk<\/em> genera hasta 20 horas adicionales de libranza al a\u00f1o<\/b><\/h3>\n<div style=\"text-align: justify\"><span style=\"color: #000000\">Tras un proceso de di\u00e1logo con la direcci\u00f3n de la empresa se llega a un acuerdo para el a\u00f1o de 2015 donde los agentes que trabajan con este sistema ser\u00e1n compensados con 4 horas de libranza atendiendo ciclos trimestrales:<\/span><\/div>\n<ul>\n<li style=\"text-align: justify\"><span style=\"color: #000000\">De enero a marzo se genera 4 horas de libranza<\/span><\/li>\n<li style=\"text-align: justify\"><span style=\"color: #000000\">De abril a junio se genera 4 horas de libranza<\/span><\/li>\n<li style=\"text-align: justify\"><span style=\"color: #000000\">De julio a septiembre se genera 4 horas de libranza<\/span><\/li>\n<li style=\"text-align: justify\"><span style=\"color: #000000\">De octubre a diciembre se genera 4 horas de libranza<\/span><\/li>\n<\/ul>\n<ol>\n<li style=\"text-align: justify\"><span style=\"color: #000000\">Estas horas de libranza las generan los agentes que est\u00e9n en la empresa durante el primer mes de cada uno de los periodos y hasta el \u00faltimo d\u00eda del mes del final del mismo periodo, independientemente de la jornada diaria a que est\u00e9n adscritos. Excepcionalmente, en caso del cese de la relaci\u00f3n laboral se tendr\u00e1 en cuenta la proporcionalidad en el pago del finiquito.<\/span><\/li>\n<li style=\"text-align: justify\"><span style=\"color: #000000\">Adicionalmente, l@s agentes con antig\u00fcedad superior a 6 meses y que con fecha 31 de diciembre del a\u00f1o que permanezcan y contin\u00faen prestando servicios en la empresa generar\u00e1n 4 horas adicionales de libranza que se a\u00f1adir\u00e1 al cupo de <em>pending<\/em> del a\u00f1o vigente.<\/span><\/li>\n<li style=\"text-align: justify\"><span style=\"color: #000000\">Del mismo modo se ha acordado que los d\u00edas generados con base a este acuerdo no tengan la consideraci\u00f3n de ausencias a efectos de c\u00e1lculo de incentivos.<\/span><\/li>\n<\/ol>\n<div><\/div>\n<div><\/div>\n<div style=\"text-align: center\"><span style=\"color: #0000ff\"><a style=\"color: #0000ff\" href=\"https:\/\/ccooagencias.org\/wp-content\/uploads\/2018\/04\/06-04-DEC-17-TLC-EXP.-PCB-0818-2017-ACUERDO-SOBRE-COMPENSACI\u00d3N-HOTDESK.pdf\">Haz click aqu\u00ed para conocer\u00a0el acuerdo en su \u00edntegra, sin lugar a duda un documento de consulta en nuestro d\u00eda a d\u00eda.<\/a><\/span><\/div>\n<p>[\/fusion_text][\/fusion_builder_column][\/fusion_builder_row][\/fusion_builder_container]    \t<\/p>\n","protected":false},"excerpt":{"rendered":"<p>Acuerdo garantiza m\u00e1s tiempo de descanso como vacaciones extras por freedesk, con una compensaci\u00f3n de hasta m\u00e1s de 2 d\u00edas y medio cada a\u00f1o..<\/p>\n","protected":false},"author":5274,"featured_media":6201,"comment_status":"closed","ping_status":"open","sticky":false,"template":"","format":"standard","meta":{"footnotes":""},"categories":[44],"tags":[],"class_list":["post-4551","post","type-post","status-publish","format-standard","has-post-thumbnail","hentry","category-vacaciones-edreams","generate-columns","tablet-grid-50","mobile-grid-100","grid-parent","grid-33"],"_links":{"self":[{"href":"https:\/\/ccoo.app\/agencias\/wp-json\/wp\/v2\/posts\/4551","targetHints":{"allow":["GET"]}}],"collection":[{"href":"https:\/\/ccoo.app\/agencias\/wp-json\/wp\/v2\/posts"}],"about":[{"href":"https:\/\/ccoo.app\/agencias\/wp-json\/wp\/v2\/types\/post"}],"author":[{"embeddable":true,"href":"https:\/\/ccoo.app\/agencias\/wp-json\/wp\/v2\/users\/5274"}],"replies":[{"embeddable":true,"href":"https:\/\/ccoo.app\/agencias\/wp-json\/wp\/v2\/comments?post=4551"}],"version-history":[{"count":0,"href":"https:\/\/ccoo.app\/agencias\/wp-json\/wp\/v2\/posts\/4551\/revisions"}],"wp:featuredmedia":[{"embeddable":true,"href":"https:\/\/ccoo.app\/agencias\/wp-json\/wp\/v2\/media\/6201"}],"wp:attachment":[{"href":"https:\/\/ccoo.app\/agencias\/wp-json\/wp\/v2\/media?parent=4551"}],"wp:term":[{"taxonomy":"category","embeddable":true,"href":"https:\/\/ccoo.app\/agencias\/wp-json\/wp\/v2\/categories?post=4551"},{"taxonomy":"post_tag","embeddable":true,"href":"https:\/\/ccoo.app\/agencias\/wp-json\/wp\/v2\/tags?post=4551"}],"curies":[{"name":"wp","href":"https:\/\/api.w.org\/{rel}","templated":true}]}}